{"id":7322,"date":"2023-12-11T09:46:13","date_gmt":"2023-12-11T08:46:13","guid":{"rendered":"https:\/\/www.noghesdumonceau.com\/?p=7322"},"modified":"2023-12-11T09:46:13","modified_gmt":"2023-12-11T08:46:13","slug":"adoption-de-la-proposition-de-la-loi-n259-portant-modification-de-certaines-dispositions-de-la-loi-n729-du-16-mars-1963-relatives-au-contrat-de-travail-modifiee-et-instituant-la-rupture-c","status":"publish","type":"post","link":"https:\/\/www.noghesdumonceau.com\/adoption-de-la-proposition-de-la-loi-n259-portant-modification-de-certaines-dispositions-de-la-loi-n729-du-16-mars-1963-relatives-au-contrat-de-travail-modifiee-et-instituant-la-rupture-c\/","title":{"rendered":"Adoption de la proposition de la loi n\u00b0259 portant modification de certaines dispositions de la Loi n\u00b0729 du 16 mars 1963 relatives au contrat de travail, modifi\u00e9e et instituant la rupture conventionnelle du contrat de travail."},"content":{"rendered":"<p>Cette proposition a \u00e9t\u00e9 adopt\u00e9e le 28 novembre 2023.<\/p>\n<p>Les juridictions mon\u00e9gasques admettaient la rupture amiable toutefois peu encadr\u00e9e l\u00e9galement.<\/p>\n<p>La proposition de loi n\u00b0259 ins\u00e8re les nouveaux articles 14-1 \u00e0 14-7 de la Loi n\u00b0729 introduisant la rupture conventionnelle du contrat de travail \u00e0 dur\u00e9e ind\u00e9termin\u00e9e homologu\u00e9e par un inspecteur du travail.<\/p>\n<p>Une pr\u00e9somption de d\u00e9mission en cas d\u2019abandon de poste volontaire est \u00e9galement introduite au nouvel article 5-2 de la Loi n\u00b0729.<\/p>\n","protected":false},"excerpt":{"rendered":"<p>Cette proposition a \u00e9t\u00e9 adopt\u00e9e le 28 novembre 2023. Les juridictions mon\u00e9gasques admettaient la rupture amiable toutefois peu encadr\u00e9e l\u00e9galement. La proposition de loi n\u00b0259 ins\u00e8re les nouveaux articles 14-1 \u00e0 14-7 de la Loi n\u00b0729 introduisant la rupture conventionnelle&hellip;<\/p>\n","protected":false},"author":11,"featured_media":0,"comment_status":"closed","ping_status":"open","sticky":false,"template":"","format":"standard","meta":{"footnotes":""},"categories":[1],"tags":[],"post_series":[],"yoast_head":"<!-- This site is optimized with the Yoast SEO plugin v21.2 - https:\/\/yoast.com\/wordpress\/plugins\/seo\/ -->\n<title>Adoption de la proposition de la loi n\u00b0259 portant modification de certaines dispositions de la Loi n\u00b0729 du 16 mars 1963 relatives au contrat de travail, modifi\u00e9e et instituant la rupture conventionnelle du contrat de travail. - Avocats et Juristes \u00e0 Monaco, Nogh\u00e8s-du Monceau<\/title>\n<meta name=\"robots\" content=\"index, follow, max-snippet:-1, max-image-preview:large, max-video-preview:-1\" \/>\n<link rel=\"canonical\" href=\"https:\/\/www.noghesdumonceau.com\/adoption-de-la-proposition-de-la-loi-n259-portant-modification-de-certaines-dispositions-de-la-loi-n729-du-16-mars-1963-relatives-au-contrat-de-travail-modifiee-et-instituant-la-rupture-c\/\" \/>\n<meta property=\"og:locale\" content=\"fr_FR\" \/>\n<meta property=\"og:type\" content=\"article\" \/>\n<meta property=\"og:title\" content=\"Adoption de la proposition de la loi n\u00b0259 portant modification de certaines dispositions de la Loi n\u00b0729 du 16 mars 1963 relatives au contrat de travail, modifi\u00e9e et instituant la rupture conventionnelle du contrat de travail. - Avocats et Juristes \u00e0 Monaco, Nogh\u00e8s-du Monceau\" \/>\n<meta property=\"og:description\" content=\"Cette proposition a \u00e9t\u00e9 adopt\u00e9e le 28 novembre 2023. Les juridictions mon\u00e9gasques admettaient la rupture amiable toutefois peu encadr\u00e9e l\u00e9galement. La proposition de loi n\u00b0259 ins\u00e8re les nouveaux articles 14-1 \u00e0 14-7 de la Loi n\u00b0729 introduisant la rupture conventionnelle&hellip;\" \/>\n<meta property=\"og:url\" content=\"https:\/\/www.noghesdumonceau.com\/adoption-de-la-proposition-de-la-loi-n259-portant-modification-de-certaines-dispositions-de-la-loi-n729-du-16-mars-1963-relatives-au-contrat-de-travail-modifiee-et-instituant-la-rupture-c\/\" \/>\n<meta property=\"og:site_name\" content=\"Avocats et Juristes \u00e0 Monaco, Nogh\u00e8s-du Monceau\" \/>\n<meta property=\"article:published_time\" content=\"2023-12-11T08:46:13+00:00\" \/>\n<meta name=\"author\" content=\"Sara Palmer Hussey\" \/>\n<meta name=\"twitter:card\" content=\"summary_large_image\" \/>\n<meta name=\"twitter:label1\" content=\"\u00c9crit par\" \/>\n\t<meta name=\"twitter:data1\" content=\"Sara Palmer Hussey\" \/>\n\t<meta name=\"twitter:label2\" content=\"Dur\u00e9e de lecture estim\u00e9e\" \/>\n\t<meta name=\"twitter:data2\" content=\"1 minute\" \/>\n<script type=\"application\/ld+json\" class=\"yoast-schema-graph\">{\"@context\":\"https:\/\/schema.org\",\"@graph\":[{\"@type\":\"WebPage\",\"@id\":\"https:\/\/www.noghesdumonceau.com\/adoption-de-la-proposition-de-la-loi-n259-portant-modification-de-certaines-dispositions-de-la-loi-n729-du-16-mars-1963-relatives-au-contrat-de-travail-modifiee-et-instituant-la-rupture-c\/\",\"url\":\"https:\/\/www.noghesdumonceau.com\/adoption-de-la-proposition-de-la-loi-n259-portant-modification-de-certaines-dispositions-de-la-loi-n729-du-16-mars-1963-relatives-au-contrat-de-travail-modifiee-et-instituant-la-rupture-c\/\",\"name\":\"Adoption de la proposition de la loi n\u00b0259 portant modification de certaines dispositions de la Loi n\u00b0729 du 16 mars 1963 relatives au contrat de travail, modifi\u00e9e et instituant la rupture conventionnelle du contrat de travail. - Avocats et Juristes \u00e0 Monaco, Nogh\u00e8s-du Monceau\",\"isPartOf\":{\"@id\":\"https:\/\/www.noghesdumonceau.com\/#website\"},\"datePublished\":\"2023-12-11T08:46:13+00:00\",\"dateModified\":\"2023-12-11T08:46:13+00:00\",\"author\":{\"@id\":\"https:\/\/www.noghesdumonceau.com\/#\/schema\/person\/8b5fb246ac46414ee15961bc773c0914\"},\"breadcrumb\":{\"@id\":\"https:\/\/www.noghesdumonceau.com\/adoption-de-la-proposition-de-la-loi-n259-portant-modification-de-certaines-dispositions-de-la-loi-n729-du-16-mars-1963-relatives-au-contrat-de-travail-modifiee-et-instituant-la-rupture-c\/#breadcrumb\"},\"inLanguage\":\"fr-FR\",\"potentialAction\":[{\"@type\":\"ReadAction\",\"target\":[\"https:\/\/www.noghesdumonceau.com\/adoption-de-la-proposition-de-la-loi-n259-portant-modification-de-certaines-dispositions-de-la-loi-n729-du-16-mars-1963-relatives-au-contrat-de-travail-modifiee-et-instituant-la-rupture-c\/\"]}]},{\"@type\":\"BreadcrumbList\",\"@id\":\"https:\/\/www.noghesdumonceau.com\/adoption-de-la-proposition-de-la-loi-n259-portant-modification-de-certaines-dispositions-de-la-loi-n729-du-16-mars-1963-relatives-au-contrat-de-travail-modifiee-et-instituant-la-rupture-c\/#breadcrumb\",\"itemListElement\":[{\"@type\":\"ListItem\",\"position\":1,\"name\":\"Accueil\",\"item\":\"https:\/\/www.noghesdumonceau.com\/\"},{\"@type\":\"ListItem\",\"position\":2,\"name\":\"Adoption de la proposition de la loi n\u00b0259 portant modification de certaines dispositions de la Loi n\u00b0729 du 16 mars 1963 relatives au contrat de travail, modifi\u00e9e et instituant la rupture conventionnelle du contrat de travail.\"}]},{\"@type\":\"WebSite\",\"@id\":\"https:\/\/www.noghesdumonceau.com\/#website\",\"url\":\"https:\/\/www.noghesdumonceau.com\/\",\"name\":\"Nogh\u00e8s-du-Monceau Law Firm Monaco\",\"description\":\"Nogh\u00e8s-du-Monceau Law Firm Monaco\",\"potentialAction\":[{\"@type\":\"SearchAction\",\"target\":{\"@type\":\"EntryPoint\",\"urlTemplate\":\"https:\/\/www.noghesdumonceau.com\/?s={search_term_string}\"},\"query-input\":\"required name=search_term_string\"}],\"inLanguage\":\"fr-FR\"},{\"@type\":\"Person\",\"@id\":\"https:\/\/www.noghesdumonceau.com\/#\/schema\/person\/8b5fb246ac46414ee15961bc773c0914\",\"name\":\"Sara Palmer Hussey\",\"image\":{\"@type\":\"ImageObject\",\"inLanguage\":\"fr-FR\",\"@id\":\"https:\/\/www.noghesdumonceau.com\/#\/schema\/person\/image\/\",\"url\":\"https:\/\/secure.gravatar.com\/avatar\/45bb6642b29b7ac5f4c835bba150445b?s=96&d=mm&r=g\",\"contentUrl\":\"https:\/\/secure.gravatar.com\/avatar\/45bb6642b29b7ac5f4c835bba150445b?s=96&d=mm&r=g\",\"caption\":\"Sara Palmer Hussey\"}}]}<\/script>\n<!-- \/ Yoast SEO plugin. -->","yoast_head_json":{"title":"Adoption de la proposition de la loi n\u00b0259 portant modification de certaines dispositions de la Loi n\u00b0729 du 16 mars 1963 relatives au contrat de travail, modifi\u00e9e et instituant la rupture conventionnelle du contrat de travail. - Avocats et Juristes \u00e0 Monaco, Nogh\u00e8s-du Monceau","robots":{"index":"index","follow":"follow","max-snippet":"max-snippet:-1","max-image-preview":"max-image-preview:large","max-video-preview":"max-video-preview:-1"},"canonical":"https:\/\/www.noghesdumonceau.com\/adoption-de-la-proposition-de-la-loi-n259-portant-modification-de-certaines-dispositions-de-la-loi-n729-du-16-mars-1963-relatives-au-contrat-de-travail-modifiee-et-instituant-la-rupture-c\/","og_locale":"fr_FR","og_type":"article","og_title":"Adoption de la proposition de la loi n\u00b0259 portant modification de certaines dispositions de la Loi n\u00b0729 du 16 mars 1963 relatives au contrat de travail, modifi\u00e9e et instituant la rupture conventionnelle du contrat de travail. - Avocats et Juristes \u00e0 Monaco, Nogh\u00e8s-du Monceau","og_description":"Cette proposition a \u00e9t\u00e9 adopt\u00e9e le 28 novembre 2023. Les juridictions mon\u00e9gasques admettaient la rupture amiable toutefois peu encadr\u00e9e l\u00e9galement. La proposition de loi n\u00b0259 ins\u00e8re les nouveaux articles 14-1 \u00e0 14-7 de la Loi n\u00b0729 introduisant la rupture conventionnelle&hellip;","og_url":"https:\/\/www.noghesdumonceau.com\/adoption-de-la-proposition-de-la-loi-n259-portant-modification-de-certaines-dispositions-de-la-loi-n729-du-16-mars-1963-relatives-au-contrat-de-travail-modifiee-et-instituant-la-rupture-c\/","og_site_name":"Avocats et Juristes \u00e0 Monaco, Nogh\u00e8s-du Monceau","article_published_time":"2023-12-11T08:46:13+00:00","author":"Sara Palmer Hussey","twitter_card":"summary_large_image","twitter_misc":{"\u00c9crit par":"Sara Palmer Hussey","Dur\u00e9e de lecture estim\u00e9e":"1 minute"},"schema":{"@context":"https:\/\/schema.org","@graph":[{"@type":"WebPage","@id":"https:\/\/www.noghesdumonceau.com\/adoption-de-la-proposition-de-la-loi-n259-portant-modification-de-certaines-dispositions-de-la-loi-n729-du-16-mars-1963-relatives-au-contrat-de-travail-modifiee-et-instituant-la-rupture-c\/","url":"https:\/\/www.noghesdumonceau.com\/adoption-de-la-proposition-de-la-loi-n259-portant-modification-de-certaines-dispositions-de-la-loi-n729-du-16-mars-1963-relatives-au-contrat-de-travail-modifiee-et-instituant-la-rupture-c\/","name":"Adoption de la proposition de la loi n\u00b0259 portant modification de certaines dispositions de la Loi n\u00b0729 du 16 mars 1963 relatives au contrat de travail, modifi\u00e9e et instituant la rupture conventionnelle du contrat de travail. - Avocats et Juristes \u00e0 Monaco, Nogh\u00e8s-du Monceau","isPartOf":{"@id":"https:\/\/www.noghesdumonceau.com\/#website"},"datePublished":"2023-12-11T08:46:13+00:00","dateModified":"2023-12-11T08:46:13+00:00","author":{"@id":"https:\/\/www.noghesdumonceau.com\/#\/schema\/person\/8b5fb246ac46414ee15961bc773c0914"},"breadcrumb":{"@id":"https:\/\/www.noghesdumonceau.com\/adoption-de-la-proposition-de-la-loi-n259-portant-modification-de-certaines-dispositions-de-la-loi-n729-du-16-mars-1963-relatives-au-contrat-de-travail-modifiee-et-instituant-la-rupture-c\/#breadcrumb"},"inLanguage":"fr-FR","potentialAction":[{"@type":"ReadAction","target":["https:\/\/www.noghesdumonceau.com\/adoption-de-la-proposition-de-la-loi-n259-portant-modification-de-certaines-dispositions-de-la-loi-n729-du-16-mars-1963-relatives-au-contrat-de-travail-modifiee-et-instituant-la-rupture-c\/"]}]},{"@type":"BreadcrumbList","@id":"https:\/\/www.noghesdumonceau.com\/adoption-de-la-proposition-de-la-loi-n259-portant-modification-de-certaines-dispositions-de-la-loi-n729-du-16-mars-1963-relatives-au-contrat-de-travail-modifiee-et-instituant-la-rupture-c\/#breadcrumb","itemListElement":[{"@type":"ListItem","position":1,"name":"Accueil","item":"https:\/\/www.noghesdumonceau.com\/"},{"@type":"ListItem","position":2,"name":"Adoption de la proposition de la loi n\u00b0259 portant modification de certaines dispositions de la Loi n\u00b0729 du 16 mars 1963 relatives au contrat de travail, modifi\u00e9e et instituant la rupture conventionnelle du contrat de travail."}]},{"@type":"WebSite","@id":"https:\/\/www.noghesdumonceau.com\/#website","url":"https:\/\/www.noghesdumonceau.com\/","name":"Nogh\u00e8s-du-Monceau Law Firm Monaco","description":"Nogh\u00e8s-du-Monceau Law Firm Monaco","potentialAction":[{"@type":"SearchAction","target":{"@type":"EntryPoint","urlTemplate":"https:\/\/www.noghesdumonceau.com\/?s={search_term_string}"},"query-input":"required name=search_term_string"}],"inLanguage":"fr-FR"},{"@type":"Person","@id":"https:\/\/www.noghesdumonceau.com\/#\/schema\/person\/8b5fb246ac46414ee15961bc773c0914","name":"Sara Palmer Hussey","image":{"@type":"ImageObject","inLanguage":"fr-FR","@id":"https:\/\/www.noghesdumonceau.com\/#\/schema\/person\/image\/","url":"https:\/\/secure.gravatar.com\/avatar\/45bb6642b29b7ac5f4c835bba150445b?s=96&d=mm&r=g","contentUrl":"https:\/\/secure.gravatar.com\/avatar\/45bb6642b29b7ac5f4c835bba150445b?s=96&d=mm&r=g","caption":"Sara Palmer Hussey"}}]}},"_links":{"self":[{"href":"https:\/\/www.noghesdumonceau.com\/rest\/wp\/v2\/posts\/7322"}],"collection":[{"href":"https:\/\/www.noghesdumonceau.com\/rest\/wp\/v2\/posts"}],"about":[{"href":"https:\/\/www.noghesdumonceau.com\/rest\/wp\/v2\/types\/post"}],"author":[{"embeddable":true,"href":"https:\/\/www.noghesdumonceau.com\/rest\/wp\/v2\/users\/11"}],"replies":[{"embeddable":true,"href":"https:\/\/www.noghesdumonceau.com\/rest\/wp\/v2\/comments?post=7322"}],"version-history":[{"count":1,"href":"https:\/\/www.noghesdumonceau.com\/rest\/wp\/v2\/posts\/7322\/revisions"}],"predecessor-version":[{"id":7323,"href":"https:\/\/www.noghesdumonceau.com\/rest\/wp\/v2\/posts\/7322\/revisions\/7323"}],"wp:attachment":[{"href":"https:\/\/www.noghesdumonceau.com\/rest\/wp\/v2\/media?parent=7322"}],"wp:term":[{"taxonomy":"category","embeddable":true,"href":"https:\/\/www.noghesdumonceau.com\/rest\/wp\/v2\/categories?post=7322"},{"taxonomy":"post_tag","embeddable":true,"href":"https:\/\/www.noghesdumonceau.com\/rest\/wp\/v2\/tags?post=7322"},{"taxonomy":"post_series","embeddable":true,"href":"https:\/\/www.noghesdumonceau.com\/rest\/wp\/v2\/post_series?post=7322"}],"curies":[{"name":"wp","href":"https:\/\/api.w.org\/{rel}","templated":true}]}}