{"id":7320,"date":"2023-12-11T09:45:23","date_gmt":"2023-12-11T08:45:23","guid":{"rendered":"https:\/\/www.noghesdumonceau.com\/?p=7320"},"modified":"2023-12-11T09:45:23","modified_gmt":"2023-12-11T08:45:23","slug":"depot-du-projet-de-loi-n1-085-relative-au-droit-a-loubli-et-a-dautres-mesures-facilitant-lacces-au-credit","status":"publish","type":"post","link":"https:\/\/www.noghesdumonceau.com\/depot-du-projet-de-loi-n1-085-relative-au-droit-a-loubli-et-a-dautres-mesures-facilitant-lacces-au-credit\/","title":{"rendered":"D\u00e9p\u00f4t du projet de loi n\u00b01.085 relative au droit \u00e0 l&rsquo;oubli et \u00e0 d&rsquo;autres mesures facilitant l&rsquo;acc\u00e8s au cr\u00e9dit"},"content":{"rendered":"<p>Ce projet de loi est issu de la proposition de loi n\u00b0 254 \u00ab\u00a0<em>instituant le droit \u00e0 l&rsquo;oubli en mati\u00e8re d&rsquo;assurance de pr\u00eat bancaire<\/em>\u00a0\u00bb.<\/p>\n<p>Il mettrait en place un droit \u00e0 l&rsquo;oubli \u00e0 l&rsquo;\u00e9gard des personnes ayant \u00e9t\u00e9 atteintes d&rsquo;une pathologie de type cancer ou relative \u00e0 l&rsquo;h\u00e9patite C, d\u00e8s lors qu&rsquo;il n&rsquo;y a pas eu de rechute pass\u00e9 un d\u00e9lai \u00e0 compter de la fin du protocole th\u00e9rapeutique.<\/p>\n<p>Ce droit \u00e0 l&rsquo;oubli permettrait notamment d&rsquo;\u00e9viter \u00e0 ces personnes de d\u00e9clarer ladite pathologique sur un questionnaire de sant\u00e9 lors de la souscription d&rsquo;un cr\u00e9dit.<\/p>\n","protected":false},"excerpt":{"rendered":"<p>Ce projet de loi est issu de la proposition de loi n\u00b0 254 \u00ab\u00a0instituant le droit \u00e0 l&rsquo;oubli en mati\u00e8re d&rsquo;assurance de pr\u00eat bancaire\u00a0\u00bb. Il mettrait en place un droit \u00e0 l&rsquo;oubli \u00e0 l&rsquo;\u00e9gard des personnes ayant \u00e9t\u00e9 atteintes d&rsquo;une&hellip;<\/p>\n","protected":false},"author":11,"featured_media":0,"comment_status":"closed","ping_status":"open","sticky":false,"template":"","format":"standard","meta":{"footnotes":""},"categories":[1],"tags":[],"post_series":[],"yoast_head":"<!-- This site is optimized with the Yoast SEO plugin v21.2 - https:\/\/yoast.com\/wordpress\/plugins\/seo\/ -->\n<title>D\u00e9p\u00f4t du projet de loi n\u00b01.085 relative au droit \u00e0 l&#039;oubli et \u00e0 d&#039;autres mesures facilitant l&#039;acc\u00e8s au cr\u00e9dit - Avocats et Juristes \u00e0 Monaco, Nogh\u00e8s-du Monceau<\/title>\n<meta name=\"robots\" content=\"index, follow, max-snippet:-1, max-image-preview:large, max-video-preview:-1\" \/>\n<link rel=\"canonical\" href=\"https:\/\/www.noghesdumonceau.com\/depot-du-projet-de-loi-n1-085-relative-au-droit-a-loubli-et-a-dautres-mesures-facilitant-lacces-au-credit\/\" \/>\n<meta property=\"og:locale\" content=\"fr_FR\" \/>\n<meta property=\"og:type\" content=\"article\" \/>\n<meta property=\"og:title\" content=\"D\u00e9p\u00f4t du projet de loi n\u00b01.085 relative au droit \u00e0 l&#039;oubli et \u00e0 d&#039;autres mesures facilitant l&#039;acc\u00e8s au cr\u00e9dit - Avocats et Juristes \u00e0 Monaco, Nogh\u00e8s-du Monceau\" \/>\n<meta property=\"og:description\" content=\"Ce projet de loi est issu de la proposition de loi n\u00b0 254 \u00ab\u00a0instituant le droit \u00e0 l&rsquo;oubli en mati\u00e8re d&rsquo;assurance de pr\u00eat bancaire\u00a0\u00bb. Il mettrait en place un droit \u00e0 l&rsquo;oubli \u00e0 l&rsquo;\u00e9gard des personnes ayant \u00e9t\u00e9 atteintes d&rsquo;une&hellip;\" \/>\n<meta property=\"og:url\" content=\"https:\/\/www.noghesdumonceau.com\/depot-du-projet-de-loi-n1-085-relative-au-droit-a-loubli-et-a-dautres-mesures-facilitant-lacces-au-credit\/\" \/>\n<meta property=\"og:site_name\" content=\"Avocats et Juristes \u00e0 Monaco, Nogh\u00e8s-du Monceau\" \/>\n<meta property=\"article:published_time\" content=\"2023-12-11T08:45:23+00:00\" \/>\n<meta name=\"author\" content=\"Sara Palmer Hussey\" \/>\n<meta name=\"twitter:card\" content=\"summary_large_image\" \/>\n<meta name=\"twitter:label1\" content=\"\u00c9crit par\" \/>\n\t<meta name=\"twitter:data1\" content=\"Sara Palmer Hussey\" \/>\n\t<meta name=\"twitter:label2\" content=\"Dur\u00e9e de lecture estim\u00e9e\" \/>\n\t<meta name=\"twitter:data2\" content=\"1 minute\" \/>\n<script type=\"application\/ld+json\" class=\"yoast-schema-graph\">{\"@context\":\"https:\/\/schema.org\",\"@graph\":[{\"@type\":\"WebPage\",\"@id\":\"https:\/\/www.noghesdumonceau.com\/depot-du-projet-de-loi-n1-085-relative-au-droit-a-loubli-et-a-dautres-mesures-facilitant-lacces-au-credit\/\",\"url\":\"https:\/\/www.noghesdumonceau.com\/depot-du-projet-de-loi-n1-085-relative-au-droit-a-loubli-et-a-dautres-mesures-facilitant-lacces-au-credit\/\",\"name\":\"D\u00e9p\u00f4t du projet de loi n\u00b01.085 relative au droit \u00e0 l'oubli et \u00e0 d'autres mesures facilitant l'acc\u00e8s au cr\u00e9dit - Avocats et Juristes \u00e0 Monaco, Nogh\u00e8s-du Monceau\",\"isPartOf\":{\"@id\":\"https:\/\/www.noghesdumonceau.com\/#website\"},\"datePublished\":\"2023-12-11T08:45:23+00:00\",\"dateModified\":\"2023-12-11T08:45:23+00:00\",\"author\":{\"@id\":\"https:\/\/www.noghesdumonceau.com\/#\/schema\/person\/8b5fb246ac46414ee15961bc773c0914\"},\"breadcrumb\":{\"@id\":\"https:\/\/www.noghesdumonceau.com\/depot-du-projet-de-loi-n1-085-relative-au-droit-a-loubli-et-a-dautres-mesures-facilitant-lacces-au-credit\/#breadcrumb\"},\"inLanguage\":\"fr-FR\",\"potentialAction\":[{\"@type\":\"ReadAction\",\"target\":[\"https:\/\/www.noghesdumonceau.com\/depot-du-projet-de-loi-n1-085-relative-au-droit-a-loubli-et-a-dautres-mesures-facilitant-lacces-au-credit\/\"]}]},{\"@type\":\"BreadcrumbList\",\"@id\":\"https:\/\/www.noghesdumonceau.com\/depot-du-projet-de-loi-n1-085-relative-au-droit-a-loubli-et-a-dautres-mesures-facilitant-lacces-au-credit\/#breadcrumb\",\"itemListElement\":[{\"@type\":\"ListItem\",\"position\":1,\"name\":\"Accueil\",\"item\":\"https:\/\/www.noghesdumonceau.com\/\"},{\"@type\":\"ListItem\",\"position\":2,\"name\":\"D\u00e9p\u00f4t du projet de loi n\u00b01.085 relative au droit \u00e0 l&rsquo;oubli et \u00e0 d&rsquo;autres mesures facilitant l&rsquo;acc\u00e8s au cr\u00e9dit\"}]},{\"@type\":\"WebSite\",\"@id\":\"https:\/\/www.noghesdumonceau.com\/#website\",\"url\":\"https:\/\/www.noghesdumonceau.com\/\",\"name\":\"Nogh\u00e8s-du-Monceau Law Firm Monaco\",\"description\":\"Nogh\u00e8s-du-Monceau Law Firm Monaco\",\"potentialAction\":[{\"@type\":\"SearchAction\",\"target\":{\"@type\":\"EntryPoint\",\"urlTemplate\":\"https:\/\/www.noghesdumonceau.com\/?s={search_term_string}\"},\"query-input\":\"required name=search_term_string\"}],\"inLanguage\":\"fr-FR\"},{\"@type\":\"Person\",\"@id\":\"https:\/\/www.noghesdumonceau.com\/#\/schema\/person\/8b5fb246ac46414ee15961bc773c0914\",\"name\":\"Sara Palmer Hussey\",\"image\":{\"@type\":\"ImageObject\",\"inLanguage\":\"fr-FR\",\"@id\":\"https:\/\/www.noghesdumonceau.com\/#\/schema\/person\/image\/\",\"url\":\"https:\/\/secure.gravatar.com\/avatar\/45bb6642b29b7ac5f4c835bba150445b?s=96&d=mm&r=g\",\"contentUrl\":\"https:\/\/secure.gravatar.com\/avatar\/45bb6642b29b7ac5f4c835bba150445b?s=96&d=mm&r=g\",\"caption\":\"Sara Palmer Hussey\"}}]}<\/script>\n<!-- \/ Yoast SEO plugin. -->","yoast_head_json":{"title":"D\u00e9p\u00f4t du projet de loi n\u00b01.085 relative au droit \u00e0 l'oubli et \u00e0 d'autres mesures facilitant l'acc\u00e8s au cr\u00e9dit - Avocats et Juristes \u00e0 Monaco, Nogh\u00e8s-du Monceau","robots":{"index":"index","follow":"follow","max-snippet":"max-snippet:-1","max-image-preview":"max-image-preview:large","max-video-preview":"max-video-preview:-1"},"canonical":"https:\/\/www.noghesdumonceau.com\/depot-du-projet-de-loi-n1-085-relative-au-droit-a-loubli-et-a-dautres-mesures-facilitant-lacces-au-credit\/","og_locale":"fr_FR","og_type":"article","og_title":"D\u00e9p\u00f4t du projet de loi n\u00b01.085 relative au droit \u00e0 l'oubli et \u00e0 d'autres mesures facilitant l'acc\u00e8s au cr\u00e9dit - Avocats et Juristes \u00e0 Monaco, Nogh\u00e8s-du Monceau","og_description":"Ce projet de loi est issu de la proposition de loi n\u00b0 254 \u00ab\u00a0instituant le droit \u00e0 l&rsquo;oubli en mati\u00e8re d&rsquo;assurance de pr\u00eat bancaire\u00a0\u00bb. Il mettrait en place un droit \u00e0 l&rsquo;oubli \u00e0 l&rsquo;\u00e9gard des personnes ayant \u00e9t\u00e9 atteintes d&rsquo;une&hellip;","og_url":"https:\/\/www.noghesdumonceau.com\/depot-du-projet-de-loi-n1-085-relative-au-droit-a-loubli-et-a-dautres-mesures-facilitant-lacces-au-credit\/","og_site_name":"Avocats et Juristes \u00e0 Monaco, Nogh\u00e8s-du Monceau","article_published_time":"2023-12-11T08:45:23+00:00","author":"Sara Palmer Hussey","twitter_card":"summary_large_image","twitter_misc":{"\u00c9crit par":"Sara Palmer Hussey","Dur\u00e9e de lecture estim\u00e9e":"1 minute"},"schema":{"@context":"https:\/\/schema.org","@graph":[{"@type":"WebPage","@id":"https:\/\/www.noghesdumonceau.com\/depot-du-projet-de-loi-n1-085-relative-au-droit-a-loubli-et-a-dautres-mesures-facilitant-lacces-au-credit\/","url":"https:\/\/www.noghesdumonceau.com\/depot-du-projet-de-loi-n1-085-relative-au-droit-a-loubli-et-a-dautres-mesures-facilitant-lacces-au-credit\/","name":"D\u00e9p\u00f4t du projet de loi n\u00b01.085 relative au droit \u00e0 l'oubli et \u00e0 d'autres mesures facilitant l'acc\u00e8s au cr\u00e9dit - Avocats et Juristes \u00e0 Monaco, Nogh\u00e8s-du Monceau","isPartOf":{"@id":"https:\/\/www.noghesdumonceau.com\/#website"},"datePublished":"2023-12-11T08:45:23+00:00","dateModified":"2023-12-11T08:45:23+00:00","author":{"@id":"https:\/\/www.noghesdumonceau.com\/#\/schema\/person\/8b5fb246ac46414ee15961bc773c0914"},"breadcrumb":{"@id":"https:\/\/www.noghesdumonceau.com\/depot-du-projet-de-loi-n1-085-relative-au-droit-a-loubli-et-a-dautres-mesures-facilitant-lacces-au-credit\/#breadcrumb"},"inLanguage":"fr-FR","potentialAction":[{"@type":"ReadAction","target":["https:\/\/www.noghesdumonceau.com\/depot-du-projet-de-loi-n1-085-relative-au-droit-a-loubli-et-a-dautres-mesures-facilitant-lacces-au-credit\/"]}]},{"@type":"BreadcrumbList","@id":"https:\/\/www.noghesdumonceau.com\/depot-du-projet-de-loi-n1-085-relative-au-droit-a-loubli-et-a-dautres-mesures-facilitant-lacces-au-credit\/#breadcrumb","itemListElement":[{"@type":"ListItem","position":1,"name":"Accueil","item":"https:\/\/www.noghesdumonceau.com\/"},{"@type":"ListItem","position":2,"name":"D\u00e9p\u00f4t du projet de loi n\u00b01.085 relative au droit \u00e0 l&rsquo;oubli et \u00e0 d&rsquo;autres mesures facilitant l&rsquo;acc\u00e8s au cr\u00e9dit"}]},{"@type":"WebSite","@id":"https:\/\/www.noghesdumonceau.com\/#website","url":"https:\/\/www.noghesdumonceau.com\/","name":"Nogh\u00e8s-du-Monceau Law Firm Monaco","description":"Nogh\u00e8s-du-Monceau Law Firm Monaco","potentialAction":[{"@type":"SearchAction","target":{"@type":"EntryPoint","urlTemplate":"https:\/\/www.noghesdumonceau.com\/?s={search_term_string}"},"query-input":"required name=search_term_string"}],"inLanguage":"fr-FR"},{"@type":"Person","@id":"https:\/\/www.noghesdumonceau.com\/#\/schema\/person\/8b5fb246ac46414ee15961bc773c0914","name":"Sara Palmer Hussey","image":{"@type":"ImageObject","inLanguage":"fr-FR","@id":"https:\/\/www.noghesdumonceau.com\/#\/schema\/person\/image\/","url":"https:\/\/secure.gravatar.com\/avatar\/45bb6642b29b7ac5f4c835bba150445b?s=96&d=mm&r=g","contentUrl":"https:\/\/secure.gravatar.com\/avatar\/45bb6642b29b7ac5f4c835bba150445b?s=96&d=mm&r=g","caption":"Sara Palmer Hussey"}}]}},"_links":{"self":[{"href":"https:\/\/www.noghesdumonceau.com\/rest\/wp\/v2\/posts\/7320"}],"collection":[{"href":"https:\/\/www.noghesdumonceau.com\/rest\/wp\/v2\/posts"}],"about":[{"href":"https:\/\/www.noghesdumonceau.com\/rest\/wp\/v2\/types\/post"}],"author":[{"embeddable":true,"href":"https:\/\/www.noghesdumonceau.com\/rest\/wp\/v2\/users\/11"}],"replies":[{"embeddable":true,"href":"https:\/\/www.noghesdumonceau.com\/rest\/wp\/v2\/comments?post=7320"}],"version-history":[{"count":1,"href":"https:\/\/www.noghesdumonceau.com\/rest\/wp\/v2\/posts\/7320\/revisions"}],"predecessor-version":[{"id":7321,"href":"https:\/\/www.noghesdumonceau.com\/rest\/wp\/v2\/posts\/7320\/revisions\/7321"}],"wp:attachment":[{"href":"https:\/\/www.noghesdumonceau.com\/rest\/wp\/v2\/media?parent=7320"}],"wp:term":[{"taxonomy":"category","embeddable":true,"href":"https:\/\/www.noghesdumonceau.com\/rest\/wp\/v2\/categories?post=7320"},{"taxonomy":"post_tag","embeddable":true,"href":"https:\/\/www.noghesdumonceau.com\/rest\/wp\/v2\/tags?post=7320"},{"taxonomy":"post_series","embeddable":true,"href":"https:\/\/www.noghesdumonceau.com\/rest\/wp\/v2\/post_series?post=7320"}],"curies":[{"name":"wp","href":"https:\/\/api.w.org\/{rel}","templated":true}]}}