{"id":7318,"date":"2023-12-11T09:44:37","date_gmt":"2023-12-11T08:44:37","guid":{"rendered":"https:\/\/www.noghesdumonceau.com\/?p=7318"},"modified":"2023-12-11T09:44:37","modified_gmt":"2023-12-11T08:44:37","slug":"depot-dun-projet-de-loi-n-1-086-instituant-un-conge-de-maternite-en-faveur-des-travailleurs-independants-affilies-a-la-caisse-dassurance-maladie-accident-et-maternite-des-travailleur","status":"publish","type":"post","link":"https:\/\/www.noghesdumonceau.com\/depot-dun-projet-de-loi-n-1-086-instituant-un-conge-de-maternite-en-faveur-des-travailleurs-independants-affilies-a-la-caisse-dassurance-maladie-accident-et-maternite-des-travailleur\/","title":{"rendered":"D\u00e9p\u00f4t d\u2019un projet de loi n\u00b0 1.086 instituant un cong\u00e9 de maternit\u00e9 en faveur des travailleurs ind\u00e9pendants affili\u00e9s \u00e0 la Caisse d&rsquo;assurance maladie, accident et maternit\u00e9 des travailleurs ind\u00e9pendants (la \u00ab CAMTI \u00bb)."},"content":{"rendered":"<p>La CAMTI est la caisse d\u2019assurance maladie des travailleurs ind\u00e9pendants.<\/p>\n<p>Trois nouveaux articles serait ajout\u00e9s \u00e0 la Loi 1.048 du 28 juillet 1982 instituant un r\u00e9gime des prestations sociales en faveur des travailleurs ind\u00e9pendants aux fins d\u2019uniformiser le r\u00e9gime avec celui des employ\u00e9es.<\/p>\n<p>Cette loi couvre d\u2019ores et d\u00e9j\u00e0 les remboursements des frais m\u00e9dicaux lors de la grossesse.<\/p>\n<p>Le projet de loi pr\u00e9voit que les prestations servies pour le cong\u00e9 de maternit\u00e9 correspondront \u00e0 une indemnit\u00e9 journali\u00e8re forfaitaire, permettant \u00e0 tous les travailleurs ind\u00e9pendants de b\u00e9n\u00e9ficier de la m\u00eame indemnisation. Cette demande devra \u00eatre formul\u00e9e \u00e0 la CAMTI.<\/p>\n<p>D\u00e8s le premier jour du sixi\u00e8me mois de la grossesse, seront ouvertes les m\u00eames prestations que celles pr\u00e9vues pour le cong\u00e9 maternit\u00e9, dans le cas o\u00f9 d\u2019un \u00e9tat pathologique r\u00e9sultant de la grossesse serait attest\u00e9 par un certificat m\u00e9dical.<\/p>\n<p>Le seuil minimal de 18 semaines pour la dur\u00e9e du cong\u00e9 maternit\u00e9, applicable aux employ\u00e9es, serait \u00e9tendu aux travailleuses ind\u00e9pendantes. Ce seuil minimal pourrait varier selon le nombre d\u2019enfants.<\/p>\n","protected":false},"excerpt":{"rendered":"<p>La CAMTI est la caisse d\u2019assurance maladie des travailleurs ind\u00e9pendants. Trois nouveaux articles serait ajout\u00e9s \u00e0 la Loi 1.048 du 28 juillet 1982 instituant un r\u00e9gime des prestations sociales en faveur des travailleurs ind\u00e9pendants aux fins d\u2019uniformiser le r\u00e9gime avec&hellip;<\/p>\n","protected":false},"author":11,"featured_media":0,"comment_status":"closed","ping_status":"open","sticky":false,"template":"","format":"standard","meta":{"footnotes":""},"categories":[1],"tags":[],"post_series":[],"yoast_head":"<!-- This site is optimized with the Yoast SEO plugin v21.2 - https:\/\/yoast.com\/wordpress\/plugins\/seo\/ -->\n<title>D\u00e9p\u00f4t d\u2019un projet de loi n\u00b0 1.086 instituant un cong\u00e9 de maternit\u00e9 en faveur des travailleurs ind\u00e9pendants affili\u00e9s \u00e0 la Caisse d&#039;assurance maladie, accident et maternit\u00e9 des travailleurs ind\u00e9pendants (la \u00ab CAMTI \u00bb). - Avocats et Juristes \u00e0 Monaco, Nogh\u00e8s-du Monceau<\/title>\n<meta name=\"robots\" content=\"index, follow, max-snippet:-1, max-image-preview:large, max-video-preview:-1\" \/>\n<link rel=\"canonical\" href=\"https:\/\/www.noghesdumonceau.com\/depot-dun-projet-de-loi-n-1-086-instituant-un-conge-de-maternite-en-faveur-des-travailleurs-independants-affilies-a-la-caisse-dassurance-maladie-accident-et-maternite-des-travailleur\/\" \/>\n<meta property=\"og:locale\" content=\"fr_FR\" \/>\n<meta property=\"og:type\" content=\"article\" \/>\n<meta property=\"og:title\" content=\"D\u00e9p\u00f4t d\u2019un projet de loi n\u00b0 1.086 instituant un cong\u00e9 de maternit\u00e9 en faveur des travailleurs ind\u00e9pendants affili\u00e9s \u00e0 la Caisse d&#039;assurance maladie, accident et maternit\u00e9 des travailleurs ind\u00e9pendants (la \u00ab CAMTI \u00bb). - Avocats et Juristes \u00e0 Monaco, Nogh\u00e8s-du Monceau\" \/>\n<meta property=\"og:description\" content=\"La CAMTI est la caisse d\u2019assurance maladie des travailleurs ind\u00e9pendants. Trois nouveaux articles serait ajout\u00e9s \u00e0 la Loi 1.048 du 28 juillet 1982 instituant un r\u00e9gime des prestations sociales en faveur des travailleurs ind\u00e9pendants aux fins d\u2019uniformiser le r\u00e9gime avec&hellip;\" \/>\n<meta property=\"og:url\" content=\"https:\/\/www.noghesdumonceau.com\/depot-dun-projet-de-loi-n-1-086-instituant-un-conge-de-maternite-en-faveur-des-travailleurs-independants-affilies-a-la-caisse-dassurance-maladie-accident-et-maternite-des-travailleur\/\" \/>\n<meta property=\"og:site_name\" content=\"Avocats et Juristes \u00e0 Monaco, Nogh\u00e8s-du Monceau\" \/>\n<meta property=\"article:published_time\" content=\"2023-12-11T08:44:37+00:00\" \/>\n<meta name=\"author\" content=\"Sara Palmer Hussey\" \/>\n<meta name=\"twitter:card\" content=\"summary_large_image\" \/>\n<meta name=\"twitter:label1\" content=\"\u00c9crit par\" \/>\n\t<meta name=\"twitter:data1\" content=\"Sara Palmer Hussey\" \/>\n\t<meta name=\"twitter:label2\" content=\"Dur\u00e9e de lecture estim\u00e9e\" \/>\n\t<meta name=\"twitter:data2\" content=\"1 minute\" \/>\n<script type=\"application\/ld+json\" class=\"yoast-schema-graph\">{\"@context\":\"https:\/\/schema.org\",\"@graph\":[{\"@type\":\"WebPage\",\"@id\":\"https:\/\/www.noghesdumonceau.com\/depot-dun-projet-de-loi-n-1-086-instituant-un-conge-de-maternite-en-faveur-des-travailleurs-independants-affilies-a-la-caisse-dassurance-maladie-accident-et-maternite-des-travailleur\/\",\"url\":\"https:\/\/www.noghesdumonceau.com\/depot-dun-projet-de-loi-n-1-086-instituant-un-conge-de-maternite-en-faveur-des-travailleurs-independants-affilies-a-la-caisse-dassurance-maladie-accident-et-maternite-des-travailleur\/\",\"name\":\"D\u00e9p\u00f4t d\u2019un projet de loi n\u00b0 1.086 instituant un cong\u00e9 de maternit\u00e9 en faveur des travailleurs ind\u00e9pendants affili\u00e9s \u00e0 la Caisse d'assurance maladie, accident et maternit\u00e9 des travailleurs ind\u00e9pendants (la \u00ab CAMTI \u00bb). - Avocats et Juristes \u00e0 Monaco, Nogh\u00e8s-du Monceau\",\"isPartOf\":{\"@id\":\"https:\/\/www.noghesdumonceau.com\/#website\"},\"datePublished\":\"2023-12-11T08:44:37+00:00\",\"dateModified\":\"2023-12-11T08:44:37+00:00\",\"author\":{\"@id\":\"https:\/\/www.noghesdumonceau.com\/#\/schema\/person\/8b5fb246ac46414ee15961bc773c0914\"},\"breadcrumb\":{\"@id\":\"https:\/\/www.noghesdumonceau.com\/depot-dun-projet-de-loi-n-1-086-instituant-un-conge-de-maternite-en-faveur-des-travailleurs-independants-affilies-a-la-caisse-dassurance-maladie-accident-et-maternite-des-travailleur\/#breadcrumb\"},\"inLanguage\":\"fr-FR\",\"potentialAction\":[{\"@type\":\"ReadAction\",\"target\":[\"https:\/\/www.noghesdumonceau.com\/depot-dun-projet-de-loi-n-1-086-instituant-un-conge-de-maternite-en-faveur-des-travailleurs-independants-affilies-a-la-caisse-dassurance-maladie-accident-et-maternite-des-travailleur\/\"]}]},{\"@type\":\"BreadcrumbList\",\"@id\":\"https:\/\/www.noghesdumonceau.com\/depot-dun-projet-de-loi-n-1-086-instituant-un-conge-de-maternite-en-faveur-des-travailleurs-independants-affilies-a-la-caisse-dassurance-maladie-accident-et-maternite-des-travailleur\/#breadcrumb\",\"itemListElement\":[{\"@type\":\"ListItem\",\"position\":1,\"name\":\"Accueil\",\"item\":\"https:\/\/www.noghesdumonceau.com\/\"},{\"@type\":\"ListItem\",\"position\":2,\"name\":\"D\u00e9p\u00f4t d\u2019un projet de loi n\u00b0 1.086 instituant un cong\u00e9 de maternit\u00e9 en faveur des travailleurs ind\u00e9pendants affili\u00e9s \u00e0 la Caisse d&rsquo;assurance maladie, accident et maternit\u00e9 des travailleurs ind\u00e9pendants (la \u00ab CAMTI \u00bb).\"}]},{\"@type\":\"WebSite\",\"@id\":\"https:\/\/www.noghesdumonceau.com\/#website\",\"url\":\"https:\/\/www.noghesdumonceau.com\/\",\"name\":\"Nogh\u00e8s-du-Monceau Law Firm Monaco\",\"description\":\"Nogh\u00e8s-du-Monceau Law Firm Monaco\",\"potentialAction\":[{\"@type\":\"SearchAction\",\"target\":{\"@type\":\"EntryPoint\",\"urlTemplate\":\"https:\/\/www.noghesdumonceau.com\/?s={search_term_string}\"},\"query-input\":\"required name=search_term_string\"}],\"inLanguage\":\"fr-FR\"},{\"@type\":\"Person\",\"@id\":\"https:\/\/www.noghesdumonceau.com\/#\/schema\/person\/8b5fb246ac46414ee15961bc773c0914\",\"name\":\"Sara Palmer Hussey\",\"image\":{\"@type\":\"ImageObject\",\"inLanguage\":\"fr-FR\",\"@id\":\"https:\/\/www.noghesdumonceau.com\/#\/schema\/person\/image\/\",\"url\":\"https:\/\/secure.gravatar.com\/avatar\/45bb6642b29b7ac5f4c835bba150445b?s=96&d=mm&r=g\",\"contentUrl\":\"https:\/\/secure.gravatar.com\/avatar\/45bb6642b29b7ac5f4c835bba150445b?s=96&d=mm&r=g\",\"caption\":\"Sara Palmer Hussey\"}}]}<\/script>\n<!-- \/ Yoast SEO plugin. -->","yoast_head_json":{"title":"D\u00e9p\u00f4t d\u2019un projet de loi n\u00b0 1.086 instituant un cong\u00e9 de maternit\u00e9 en faveur des travailleurs ind\u00e9pendants affili\u00e9s \u00e0 la Caisse d'assurance maladie, accident et maternit\u00e9 des travailleurs ind\u00e9pendants (la \u00ab CAMTI \u00bb). - Avocats et Juristes \u00e0 Monaco, Nogh\u00e8s-du Monceau","robots":{"index":"index","follow":"follow","max-snippet":"max-snippet:-1","max-image-preview":"max-image-preview:large","max-video-preview":"max-video-preview:-1"},"canonical":"https:\/\/www.noghesdumonceau.com\/depot-dun-projet-de-loi-n-1-086-instituant-un-conge-de-maternite-en-faveur-des-travailleurs-independants-affilies-a-la-caisse-dassurance-maladie-accident-et-maternite-des-travailleur\/","og_locale":"fr_FR","og_type":"article","og_title":"D\u00e9p\u00f4t d\u2019un projet de loi n\u00b0 1.086 instituant un cong\u00e9 de maternit\u00e9 en faveur des travailleurs ind\u00e9pendants affili\u00e9s \u00e0 la Caisse d'assurance maladie, accident et maternit\u00e9 des travailleurs ind\u00e9pendants (la \u00ab CAMTI \u00bb). - Avocats et Juristes \u00e0 Monaco, Nogh\u00e8s-du Monceau","og_description":"La CAMTI est la caisse d\u2019assurance maladie des travailleurs ind\u00e9pendants. Trois nouveaux articles serait ajout\u00e9s \u00e0 la Loi 1.048 du 28 juillet 1982 instituant un r\u00e9gime des prestations sociales en faveur des travailleurs ind\u00e9pendants aux fins d\u2019uniformiser le r\u00e9gime avec&hellip;","og_url":"https:\/\/www.noghesdumonceau.com\/depot-dun-projet-de-loi-n-1-086-instituant-un-conge-de-maternite-en-faveur-des-travailleurs-independants-affilies-a-la-caisse-dassurance-maladie-accident-et-maternite-des-travailleur\/","og_site_name":"Avocats et Juristes \u00e0 Monaco, Nogh\u00e8s-du Monceau","article_published_time":"2023-12-11T08:44:37+00:00","author":"Sara Palmer Hussey","twitter_card":"summary_large_image","twitter_misc":{"\u00c9crit par":"Sara Palmer Hussey","Dur\u00e9e de lecture estim\u00e9e":"1 minute"},"schema":{"@context":"https:\/\/schema.org","@graph":[{"@type":"WebPage","@id":"https:\/\/www.noghesdumonceau.com\/depot-dun-projet-de-loi-n-1-086-instituant-un-conge-de-maternite-en-faveur-des-travailleurs-independants-affilies-a-la-caisse-dassurance-maladie-accident-et-maternite-des-travailleur\/","url":"https:\/\/www.noghesdumonceau.com\/depot-dun-projet-de-loi-n-1-086-instituant-un-conge-de-maternite-en-faveur-des-travailleurs-independants-affilies-a-la-caisse-dassurance-maladie-accident-et-maternite-des-travailleur\/","name":"D\u00e9p\u00f4t d\u2019un projet de loi n\u00b0 1.086 instituant un cong\u00e9 de maternit\u00e9 en faveur des travailleurs ind\u00e9pendants affili\u00e9s \u00e0 la Caisse d'assurance maladie, accident et maternit\u00e9 des travailleurs ind\u00e9pendants (la \u00ab CAMTI \u00bb). - Avocats et Juristes \u00e0 Monaco, Nogh\u00e8s-du Monceau","isPartOf":{"@id":"https:\/\/www.noghesdumonceau.com\/#website"},"datePublished":"2023-12-11T08:44:37+00:00","dateModified":"2023-12-11T08:44:37+00:00","author":{"@id":"https:\/\/www.noghesdumonceau.com\/#\/schema\/person\/8b5fb246ac46414ee15961bc773c0914"},"breadcrumb":{"@id":"https:\/\/www.noghesdumonceau.com\/depot-dun-projet-de-loi-n-1-086-instituant-un-conge-de-maternite-en-faveur-des-travailleurs-independants-affilies-a-la-caisse-dassurance-maladie-accident-et-maternite-des-travailleur\/#breadcrumb"},"inLanguage":"fr-FR","potentialAction":[{"@type":"ReadAction","target":["https:\/\/www.noghesdumonceau.com\/depot-dun-projet-de-loi-n-1-086-instituant-un-conge-de-maternite-en-faveur-des-travailleurs-independants-affilies-a-la-caisse-dassurance-maladie-accident-et-maternite-des-travailleur\/"]}]},{"@type":"BreadcrumbList","@id":"https:\/\/www.noghesdumonceau.com\/depot-dun-projet-de-loi-n-1-086-instituant-un-conge-de-maternite-en-faveur-des-travailleurs-independants-affilies-a-la-caisse-dassurance-maladie-accident-et-maternite-des-travailleur\/#breadcrumb","itemListElement":[{"@type":"ListItem","position":1,"name":"Accueil","item":"https:\/\/www.noghesdumonceau.com\/"},{"@type":"ListItem","position":2,"name":"D\u00e9p\u00f4t d\u2019un projet de loi n\u00b0 1.086 instituant un cong\u00e9 de maternit\u00e9 en faveur des travailleurs ind\u00e9pendants affili\u00e9s \u00e0 la Caisse d&rsquo;assurance maladie, accident et maternit\u00e9 des travailleurs ind\u00e9pendants (la \u00ab CAMTI \u00bb)."}]},{"@type":"WebSite","@id":"https:\/\/www.noghesdumonceau.com\/#website","url":"https:\/\/www.noghesdumonceau.com\/","name":"Nogh\u00e8s-du-Monceau Law Firm Monaco","description":"Nogh\u00e8s-du-Monceau Law Firm Monaco","potentialAction":[{"@type":"SearchAction","target":{"@type":"EntryPoint","urlTemplate":"https:\/\/www.noghesdumonceau.com\/?s={search_term_string}"},"query-input":"required name=search_term_string"}],"inLanguage":"fr-FR"},{"@type":"Person","@id":"https:\/\/www.noghesdumonceau.com\/#\/schema\/person\/8b5fb246ac46414ee15961bc773c0914","name":"Sara Palmer Hussey","image":{"@type":"ImageObject","inLanguage":"fr-FR","@id":"https:\/\/www.noghesdumonceau.com\/#\/schema\/person\/image\/","url":"https:\/\/secure.gravatar.com\/avatar\/45bb6642b29b7ac5f4c835bba150445b?s=96&d=mm&r=g","contentUrl":"https:\/\/secure.gravatar.com\/avatar\/45bb6642b29b7ac5f4c835bba150445b?s=96&d=mm&r=g","caption":"Sara Palmer Hussey"}}]}},"_links":{"self":[{"href":"https:\/\/www.noghesdumonceau.com\/rest\/wp\/v2\/posts\/7318"}],"collection":[{"href":"https:\/\/www.noghesdumonceau.com\/rest\/wp\/v2\/posts"}],"about":[{"href":"https:\/\/www.noghesdumonceau.com\/rest\/wp\/v2\/types\/post"}],"author":[{"embeddable":true,"href":"https:\/\/www.noghesdumonceau.com\/rest\/wp\/v2\/users\/11"}],"replies":[{"embeddable":true,"href":"https:\/\/www.noghesdumonceau.com\/rest\/wp\/v2\/comments?post=7318"}],"version-history":[{"count":1,"href":"https:\/\/www.noghesdumonceau.com\/rest\/wp\/v2\/posts\/7318\/revisions"}],"predecessor-version":[{"id":7319,"href":"https:\/\/www.noghesdumonceau.com\/rest\/wp\/v2\/posts\/7318\/revisions\/7319"}],"wp:attachment":[{"href":"https:\/\/www.noghesdumonceau.com\/rest\/wp\/v2\/media?parent=7318"}],"wp:term":[{"taxonomy":"category","embeddable":true,"href":"https:\/\/www.noghesdumonceau.com\/rest\/wp\/v2\/categories?post=7318"},{"taxonomy":"post_tag","embeddable":true,"href":"https:\/\/www.noghesdumonceau.com\/rest\/wp\/v2\/tags?post=7318"},{"taxonomy":"post_series","embeddable":true,"href":"https:\/\/www.noghesdumonceau.com\/rest\/wp\/v2\/post_series?post=7318"}],"curies":[{"name":"wp","href":"https:\/\/api.w.org\/{rel}","templated":true}]}}