{"id":7314,"date":"2023-12-11T09:42:59","date_gmt":"2023-12-11T08:42:59","guid":{"rendered":"https:\/\/www.noghesdumonceau.com\/?p=7314"},"modified":"2023-12-11T09:42:59","modified_gmt":"2023-12-11T08:42:59","slug":"arrete-ministeriel-n-2023-680-du-22-novembre-2023-portant-modification-de-larrete-ministeriel-n-2021-703-du-8-novembre-2021-modifie-relatif-a-la-liste-des-etats-ou-territoires-dont-les-2","status":"publish","type":"post","link":"https:\/\/www.noghesdumonceau.com\/arrete-ministeriel-n-2023-680-du-22-novembre-2023-portant-modification-de-larrete-ministeriel-n-2021-703-du-8-novembre-2021-modifie-relatif-a-la-liste-des-etats-ou-territoires-dont-les-2\/","title":{"rendered":"Arr\u00eat\u00e9 Minist\u00e9riel n\u00b0 2023-680 du 22 novembre 2023 portant modification de l&rsquo;arr\u00eat\u00e9 minist\u00e9riel n\u00b0 2021 703 du 8 novembre 2021, modifi\u00e9, relatif \u00e0 la liste des \u00c9tats ou territoires dont les dispositifs de lutte contre le blanchiment de capitaux, le financement du terrorisme ou la corruption pr\u00e9sentent des carences strat\u00e9giques, vis\u00e9e \u00e0 l&rsquo;article 14-1 de la loi n\u00b0 1.362 du 3 ao\u00fbt 2009, modifi\u00e9e."},"content":{"rendered":"<p>L\u2019arr\u00eat\u00e9 Minist\u00e9riel du 22 novembre 2023 modifie l\u2019article 1<sup>er<\/sup> de l\u2019arr\u00eat\u00e9 Minist\u00e9riel relatif \u00e0 la liste des territoires \u00e0 haut risques\u00a0comme suit\u00a0:<\/p>\n<ul>\n<li><em> Afghanistan,<\/em><\/li>\n<li><em> Afrique du Sud,<\/em><\/li>\n<li><em> Barbade,<\/em><\/li>\n<li><em> Bulgarie,<\/em><\/li>\n<li><em> Burkina Faso,<\/em><\/li>\n<li><em> Cameroun,<\/em><\/li>\n<li><em> Croatie,<\/em><\/li>\n<li><em> \u00c9mirats arabes unis,<\/em><\/li>\n<li><em> Gibraltar,<\/em><\/li>\n<li><em> Ha\u00efti,<\/em><\/li>\n<li><em> R\u00e9publique d\u00e9mocratique du Congo,<\/em><\/li>\n<li><em> Jama\u00efque,<\/em><\/li>\n<li><em> Mali,<\/em><\/li>\n<li><em> Mozambique,<\/em><\/li>\n<li><em> Myanmar\/Birmanie,<\/em><\/li>\n<li><em> Nig\u00e9ria,<\/em><\/li>\n<li><em> Ouganda,<\/em><\/li>\n<li><em> Panama,<\/em><\/li>\n<li><em> Philippines,<\/em><\/li>\n<li><em> S\u00e9n\u00e9gal,<\/em><\/li>\n<li><em> Soudan du Sud,<\/em><\/li>\n<li><em> Syrie,<\/em><\/li>\n<li><em> Tanzanie,<\/em><\/li>\n<li><em> Trinit\u00e9-et-Tobago,<\/em><\/li>\n<li><em> Turquie,<\/em><\/li>\n<li><em> Vanuatu,<\/em><\/li>\n<li><em> Vietnam,<\/em><\/li>\n<li><em> Y\u00e9men.<\/em>\u00bb.<\/li>\n<\/ul>\n<p>Ce nouvel article prend en compte la d\u00e9cision de suppression du Cambodge et du Maroc de la liste du R\u00e8glement d\u00e9l\u00e9gu\u00e9 (UE) 2016\/1675 de la Commission du 14\u00a0juillet 2016 compl\u00e9tant la directive (UE) 2015\/849 du Parlement europ\u00e9en et du Conseil par le recensement des pays tiers \u00e0 haut risque pr\u00e9sentant des carences strat\u00e9giques, modifi\u00e9, par les R\u00e8glements d\u00e9l\u00e9gu\u00e9s (UE) 2023\/1219 et 2023\/2070 de la Commission, respectivement des 17\u00a0mai et 18\u00a0ao\u00fbt 2023 et l\u2019ajout de l\u2019Afrique du Sud, du Cameroun, du Nig\u00e9ria et du Vietnam.<\/p>\n","protected":false},"excerpt":{"rendered":"<p>L\u2019arr\u00eat\u00e9 Minist\u00e9riel du 22 novembre 2023 modifie l\u2019article 1er de l\u2019arr\u00eat\u00e9 Minist\u00e9riel relatif \u00e0 la liste des territoires \u00e0 haut risques\u00a0comme suit\u00a0: Afghanistan, Afrique du Sud, Barbade, Bulgarie, Burkina Faso, Cameroun, Croatie, \u00c9mirats arabes unis, Gibraltar, Ha\u00efti, R\u00e9publique d\u00e9mocratique du&hellip;<\/p>\n","protected":false},"author":11,"featured_media":0,"comment_status":"closed","ping_status":"open","sticky":false,"template":"","format":"standard","meta":{"footnotes":""},"categories":[1],"tags":[],"post_series":[],"yoast_head":"<!-- This site is optimized with the Yoast SEO plugin v21.2 - https:\/\/yoast.com\/wordpress\/plugins\/seo\/ -->\n<title>Arr\u00eat\u00e9 Minist\u00e9riel n\u00b0 2023-680 du 22 novembre 2023 portant modification de l&#039;arr\u00eat\u00e9 minist\u00e9riel n\u00b0 2021 703 du 8 novembre 2021, modifi\u00e9, relatif \u00e0 la liste des \u00c9tats ou territoires dont les dispositifs de lutte contre le blanchiment de capitaux, le financement du terrorisme ou la corruption pr\u00e9sentent des carences strat\u00e9giques, vis\u00e9e \u00e0 l&#039;article 14-1 de la loi n\u00b0 1.362 du 3 ao\u00fbt 2009, modifi\u00e9e. - Avocats et Juristes \u00e0 Monaco, Nogh\u00e8s-du Monceau<\/title>\n<meta name=\"robots\" content=\"index, follow, max-snippet:-1, max-image-preview:large, max-video-preview:-1\" \/>\n<link rel=\"canonical\" href=\"https:\/\/www.noghesdumonceau.com\/arrete-ministeriel-n-2023-680-du-22-novembre-2023-portant-modification-de-larrete-ministeriel-n-2021-703-du-8-novembre-2021-modifie-relatif-a-la-liste-des-etats-ou-territoires-dont-les-2\/\" \/>\n<meta property=\"og:locale\" content=\"fr_FR\" \/>\n<meta property=\"og:type\" content=\"article\" \/>\n<meta property=\"og:title\" content=\"Arr\u00eat\u00e9 Minist\u00e9riel n\u00b0 2023-680 du 22 novembre 2023 portant modification de l&#039;arr\u00eat\u00e9 minist\u00e9riel n\u00b0 2021 703 du 8 novembre 2021, modifi\u00e9, relatif \u00e0 la liste des \u00c9tats ou territoires dont les dispositifs de lutte contre le blanchiment de capitaux, le financement du terrorisme ou la corruption pr\u00e9sentent des carences strat\u00e9giques, vis\u00e9e \u00e0 l&#039;article 14-1 de la loi n\u00b0 1.362 du 3 ao\u00fbt 2009, modifi\u00e9e. - Avocats et Juristes \u00e0 Monaco, Nogh\u00e8s-du Monceau\" \/>\n<meta property=\"og:description\" content=\"L\u2019arr\u00eat\u00e9 Minist\u00e9riel du 22 novembre 2023 modifie l\u2019article 1er de l\u2019arr\u00eat\u00e9 Minist\u00e9riel relatif \u00e0 la liste des territoires \u00e0 haut risques\u00a0comme suit\u00a0: Afghanistan, Afrique du Sud, Barbade, Bulgarie, Burkina Faso, Cameroun, Croatie, \u00c9mirats arabes unis, Gibraltar, Ha\u00efti, R\u00e9publique d\u00e9mocratique du&hellip;\" \/>\n<meta property=\"og:url\" content=\"https:\/\/www.noghesdumonceau.com\/arrete-ministeriel-n-2023-680-du-22-novembre-2023-portant-modification-de-larrete-ministeriel-n-2021-703-du-8-novembre-2021-modifie-relatif-a-la-liste-des-etats-ou-territoires-dont-les-2\/\" \/>\n<meta property=\"og:site_name\" content=\"Avocats et Juristes \u00e0 Monaco, Nogh\u00e8s-du Monceau\" \/>\n<meta property=\"article:published_time\" content=\"2023-12-11T08:42:59+00:00\" \/>\n<meta name=\"author\" content=\"Sara Palmer Hussey\" \/>\n<meta name=\"twitter:card\" content=\"summary_large_image\" \/>\n<meta name=\"twitter:label1\" content=\"\u00c9crit par\" \/>\n\t<meta name=\"twitter:data1\" content=\"Sara Palmer Hussey\" \/>\n\t<meta name=\"twitter:label2\" content=\"Dur\u00e9e de lecture estim\u00e9e\" \/>\n\t<meta name=\"twitter:data2\" content=\"1 minute\" \/>\n<script type=\"application\/ld+json\" class=\"yoast-schema-graph\">{\"@context\":\"https:\/\/schema.org\",\"@graph\":[{\"@type\":\"WebPage\",\"@id\":\"https:\/\/www.noghesdumonceau.com\/arrete-ministeriel-n-2023-680-du-22-novembre-2023-portant-modification-de-larrete-ministeriel-n-2021-703-du-8-novembre-2021-modifie-relatif-a-la-liste-des-etats-ou-territoires-dont-les-2\/\",\"url\":\"https:\/\/www.noghesdumonceau.com\/arrete-ministeriel-n-2023-680-du-22-novembre-2023-portant-modification-de-larrete-ministeriel-n-2021-703-du-8-novembre-2021-modifie-relatif-a-la-liste-des-etats-ou-territoires-dont-les-2\/\",\"name\":\"Arr\u00eat\u00e9 Minist\u00e9riel n\u00b0 2023-680 du 22 novembre 2023 portant modification de l'arr\u00eat\u00e9 minist\u00e9riel n\u00b0 2021 703 du 8 novembre 2021, modifi\u00e9, relatif \u00e0 la liste des \u00c9tats ou territoires dont les dispositifs de lutte contre le blanchiment de capitaux, le financement du terrorisme ou la corruption pr\u00e9sentent des carences strat\u00e9giques, vis\u00e9e \u00e0 l'article 14-1 de la loi n\u00b0 1.362 du 3 ao\u00fbt 2009, modifi\u00e9e. - Avocats et Juristes \u00e0 Monaco, Nogh\u00e8s-du Monceau\",\"isPartOf\":{\"@id\":\"https:\/\/www.noghesdumonceau.com\/#website\"},\"datePublished\":\"2023-12-11T08:42:59+00:00\",\"dateModified\":\"2023-12-11T08:42:59+00:00\",\"author\":{\"@id\":\"https:\/\/www.noghesdumonceau.com\/#\/schema\/person\/8b5fb246ac46414ee15961bc773c0914\"},\"breadcrumb\":{\"@id\":\"https:\/\/www.noghesdumonceau.com\/arrete-ministeriel-n-2023-680-du-22-novembre-2023-portant-modification-de-larrete-ministeriel-n-2021-703-du-8-novembre-2021-modifie-relatif-a-la-liste-des-etats-ou-territoires-dont-les-2\/#breadcrumb\"},\"inLanguage\":\"fr-FR\",\"potentialAction\":[{\"@type\":\"ReadAction\",\"target\":[\"https:\/\/www.noghesdumonceau.com\/arrete-ministeriel-n-2023-680-du-22-novembre-2023-portant-modification-de-larrete-ministeriel-n-2021-703-du-8-novembre-2021-modifie-relatif-a-la-liste-des-etats-ou-territoires-dont-les-2\/\"]}]},{\"@type\":\"BreadcrumbList\",\"@id\":\"https:\/\/www.noghesdumonceau.com\/arrete-ministeriel-n-2023-680-du-22-novembre-2023-portant-modification-de-larrete-ministeriel-n-2021-703-du-8-novembre-2021-modifie-relatif-a-la-liste-des-etats-ou-territoires-dont-les-2\/#breadcrumb\",\"itemListElement\":[{\"@type\":\"ListItem\",\"position\":1,\"name\":\"Accueil\",\"item\":\"https:\/\/www.noghesdumonceau.com\/\"},{\"@type\":\"ListItem\",\"position\":2,\"name\":\"Arr\u00eat\u00e9 Minist\u00e9riel n\u00b0 2023-680 du 22 novembre 2023 portant modification de l&rsquo;arr\u00eat\u00e9 minist\u00e9riel n\u00b0 2021 703 du 8 novembre 2021, modifi\u00e9, relatif \u00e0 la liste des \u00c9tats ou territoires dont les dispositifs de lutte contre le blanchiment de capitaux, le financement du terrorisme ou la corruption pr\u00e9sentent des carences strat\u00e9giques, vis\u00e9e \u00e0 l&rsquo;article 14-1 de la loi n\u00b0 1.362 du 3 ao\u00fbt 2009, modifi\u00e9e.\"}]},{\"@type\":\"WebSite\",\"@id\":\"https:\/\/www.noghesdumonceau.com\/#website\",\"url\":\"https:\/\/www.noghesdumonceau.com\/\",\"name\":\"Nogh\u00e8s-du-Monceau Law Firm Monaco\",\"description\":\"Nogh\u00e8s-du-Monceau Law Firm Monaco\",\"potentialAction\":[{\"@type\":\"SearchAction\",\"target\":{\"@type\":\"EntryPoint\",\"urlTemplate\":\"https:\/\/www.noghesdumonceau.com\/?s={search_term_string}\"},\"query-input\":\"required name=search_term_string\"}],\"inLanguage\":\"fr-FR\"},{\"@type\":\"Person\",\"@id\":\"https:\/\/www.noghesdumonceau.com\/#\/schema\/person\/8b5fb246ac46414ee15961bc773c0914\",\"name\":\"Sara Palmer Hussey\",\"image\":{\"@type\":\"ImageObject\",\"inLanguage\":\"fr-FR\",\"@id\":\"https:\/\/www.noghesdumonceau.com\/#\/schema\/person\/image\/\",\"url\":\"https:\/\/secure.gravatar.com\/avatar\/45bb6642b29b7ac5f4c835bba150445b?s=96&d=mm&r=g\",\"contentUrl\":\"https:\/\/secure.gravatar.com\/avatar\/45bb6642b29b7ac5f4c835bba150445b?s=96&d=mm&r=g\",\"caption\":\"Sara Palmer Hussey\"}}]}<\/script>\n<!-- \/ Yoast SEO plugin. -->","yoast_head_json":{"title":"Arr\u00eat\u00e9 Minist\u00e9riel n\u00b0 2023-680 du 22 novembre 2023 portant modification de l'arr\u00eat\u00e9 minist\u00e9riel n\u00b0 2021 703 du 8 novembre 2021, modifi\u00e9, relatif \u00e0 la liste des \u00c9tats ou territoires dont les dispositifs de lutte contre le blanchiment de capitaux, le financement du terrorisme ou la corruption pr\u00e9sentent des carences strat\u00e9giques, vis\u00e9e \u00e0 l'article 14-1 de la loi n\u00b0 1.362 du 3 ao\u00fbt 2009, modifi\u00e9e. - Avocats et Juristes \u00e0 Monaco, Nogh\u00e8s-du Monceau","robots":{"index":"index","follow":"follow","max-snippet":"max-snippet:-1","max-image-preview":"max-image-preview:large","max-video-preview":"max-video-preview:-1"},"canonical":"https:\/\/www.noghesdumonceau.com\/arrete-ministeriel-n-2023-680-du-22-novembre-2023-portant-modification-de-larrete-ministeriel-n-2021-703-du-8-novembre-2021-modifie-relatif-a-la-liste-des-etats-ou-territoires-dont-les-2\/","og_locale":"fr_FR","og_type":"article","og_title":"Arr\u00eat\u00e9 Minist\u00e9riel n\u00b0 2023-680 du 22 novembre 2023 portant modification de l'arr\u00eat\u00e9 minist\u00e9riel n\u00b0 2021 703 du 8 novembre 2021, modifi\u00e9, relatif \u00e0 la liste des \u00c9tats ou territoires dont les dispositifs de lutte contre le blanchiment de capitaux, le financement du terrorisme ou la corruption pr\u00e9sentent des carences strat\u00e9giques, vis\u00e9e \u00e0 l'article 14-1 de la loi n\u00b0 1.362 du 3 ao\u00fbt 2009, modifi\u00e9e. - Avocats et Juristes \u00e0 Monaco, Nogh\u00e8s-du Monceau","og_description":"L\u2019arr\u00eat\u00e9 Minist\u00e9riel du 22 novembre 2023 modifie l\u2019article 1er de l\u2019arr\u00eat\u00e9 Minist\u00e9riel relatif \u00e0 la liste des territoires \u00e0 haut risques\u00a0comme suit\u00a0: Afghanistan, Afrique du Sud, Barbade, Bulgarie, Burkina Faso, Cameroun, Croatie, \u00c9mirats arabes unis, Gibraltar, Ha\u00efti, R\u00e9publique d\u00e9mocratique du&hellip;","og_url":"https:\/\/www.noghesdumonceau.com\/arrete-ministeriel-n-2023-680-du-22-novembre-2023-portant-modification-de-larrete-ministeriel-n-2021-703-du-8-novembre-2021-modifie-relatif-a-la-liste-des-etats-ou-territoires-dont-les-2\/","og_site_name":"Avocats et Juristes \u00e0 Monaco, Nogh\u00e8s-du Monceau","article_published_time":"2023-12-11T08:42:59+00:00","author":"Sara Palmer Hussey","twitter_card":"summary_large_image","twitter_misc":{"\u00c9crit par":"Sara Palmer Hussey","Dur\u00e9e de lecture estim\u00e9e":"1 minute"},"schema":{"@context":"https:\/\/schema.org","@graph":[{"@type":"WebPage","@id":"https:\/\/www.noghesdumonceau.com\/arrete-ministeriel-n-2023-680-du-22-novembre-2023-portant-modification-de-larrete-ministeriel-n-2021-703-du-8-novembre-2021-modifie-relatif-a-la-liste-des-etats-ou-territoires-dont-les-2\/","url":"https:\/\/www.noghesdumonceau.com\/arrete-ministeriel-n-2023-680-du-22-novembre-2023-portant-modification-de-larrete-ministeriel-n-2021-703-du-8-novembre-2021-modifie-relatif-a-la-liste-des-etats-ou-territoires-dont-les-2\/","name":"Arr\u00eat\u00e9 Minist\u00e9riel n\u00b0 2023-680 du 22 novembre 2023 portant modification de l'arr\u00eat\u00e9 minist\u00e9riel n\u00b0 2021 703 du 8 novembre 2021, modifi\u00e9, relatif \u00e0 la liste des \u00c9tats ou territoires dont les dispositifs de lutte contre le blanchiment de capitaux, le financement du terrorisme ou la corruption pr\u00e9sentent des carences strat\u00e9giques, vis\u00e9e \u00e0 l'article 14-1 de la loi n\u00b0 1.362 du 3 ao\u00fbt 2009, modifi\u00e9e. - Avocats et Juristes \u00e0 Monaco, Nogh\u00e8s-du Monceau","isPartOf":{"@id":"https:\/\/www.noghesdumonceau.com\/#website"},"datePublished":"2023-12-11T08:42:59+00:00","dateModified":"2023-12-11T08:42:59+00:00","author":{"@id":"https:\/\/www.noghesdumonceau.com\/#\/schema\/person\/8b5fb246ac46414ee15961bc773c0914"},"breadcrumb":{"@id":"https:\/\/www.noghesdumonceau.com\/arrete-ministeriel-n-2023-680-du-22-novembre-2023-portant-modification-de-larrete-ministeriel-n-2021-703-du-8-novembre-2021-modifie-relatif-a-la-liste-des-etats-ou-territoires-dont-les-2\/#breadcrumb"},"inLanguage":"fr-FR","potentialAction":[{"@type":"ReadAction","target":["https:\/\/www.noghesdumonceau.com\/arrete-ministeriel-n-2023-680-du-22-novembre-2023-portant-modification-de-larrete-ministeriel-n-2021-703-du-8-novembre-2021-modifie-relatif-a-la-liste-des-etats-ou-territoires-dont-les-2\/"]}]},{"@type":"BreadcrumbList","@id":"https:\/\/www.noghesdumonceau.com\/arrete-ministeriel-n-2023-680-du-22-novembre-2023-portant-modification-de-larrete-ministeriel-n-2021-703-du-8-novembre-2021-modifie-relatif-a-la-liste-des-etats-ou-territoires-dont-les-2\/#breadcrumb","itemListElement":[{"@type":"ListItem","position":1,"name":"Accueil","item":"https:\/\/www.noghesdumonceau.com\/"},{"@type":"ListItem","position":2,"name":"Arr\u00eat\u00e9 Minist\u00e9riel n\u00b0 2023-680 du 22 novembre 2023 portant modification de l&rsquo;arr\u00eat\u00e9 minist\u00e9riel n\u00b0 2021 703 du 8 novembre 2021, modifi\u00e9, relatif \u00e0 la liste des \u00c9tats ou territoires dont les dispositifs de lutte contre le blanchiment de capitaux, le financement du terrorisme ou la corruption pr\u00e9sentent des carences strat\u00e9giques, vis\u00e9e \u00e0 l&rsquo;article 14-1 de la loi n\u00b0 1.362 du 3 ao\u00fbt 2009, modifi\u00e9e."}]},{"@type":"WebSite","@id":"https:\/\/www.noghesdumonceau.com\/#website","url":"https:\/\/www.noghesdumonceau.com\/","name":"Nogh\u00e8s-du-Monceau Law Firm Monaco","description":"Nogh\u00e8s-du-Monceau Law Firm Monaco","potentialAction":[{"@type":"SearchAction","target":{"@type":"EntryPoint","urlTemplate":"https:\/\/www.noghesdumonceau.com\/?s={search_term_string}"},"query-input":"required name=search_term_string"}],"inLanguage":"fr-FR"},{"@type":"Person","@id":"https:\/\/www.noghesdumonceau.com\/#\/schema\/person\/8b5fb246ac46414ee15961bc773c0914","name":"Sara Palmer Hussey","image":{"@type":"ImageObject","inLanguage":"fr-FR","@id":"https:\/\/www.noghesdumonceau.com\/#\/schema\/person\/image\/","url":"https:\/\/secure.gravatar.com\/avatar\/45bb6642b29b7ac5f4c835bba150445b?s=96&d=mm&r=g","contentUrl":"https:\/\/secure.gravatar.com\/avatar\/45bb6642b29b7ac5f4c835bba150445b?s=96&d=mm&r=g","caption":"Sara Palmer Hussey"}}]}},"_links":{"self":[{"href":"https:\/\/www.noghesdumonceau.com\/rest\/wp\/v2\/posts\/7314"}],"collection":[{"href":"https:\/\/www.noghesdumonceau.com\/rest\/wp\/v2\/posts"}],"about":[{"href":"https:\/\/www.noghesdumonceau.com\/rest\/wp\/v2\/types\/post"}],"author":[{"embeddable":true,"href":"https:\/\/www.noghesdumonceau.com\/rest\/wp\/v2\/users\/11"}],"replies":[{"embeddable":true,"href":"https:\/\/www.noghesdumonceau.com\/rest\/wp\/v2\/comments?post=7314"}],"version-history":[{"count":1,"href":"https:\/\/www.noghesdumonceau.com\/rest\/wp\/v2\/posts\/7314\/revisions"}],"predecessor-version":[{"id":7315,"href":"https:\/\/www.noghesdumonceau.com\/rest\/wp\/v2\/posts\/7314\/revisions\/7315"}],"wp:attachment":[{"href":"https:\/\/www.noghesdumonceau.com\/rest\/wp\/v2\/media?parent=7314"}],"wp:term":[{"taxonomy":"category","embeddable":true,"href":"https:\/\/www.noghesdumonceau.com\/rest\/wp\/v2\/categories?post=7314"},{"taxonomy":"post_tag","embeddable":true,"href":"https:\/\/www.noghesdumonceau.com\/rest\/wp\/v2\/tags?post=7314"},{"taxonomy":"post_series","embeddable":true,"href":"https:\/\/www.noghesdumonceau.com\/rest\/wp\/v2\/post_series?post=7314"}],"curies":[{"name":"wp","href":"https:\/\/api.w.org\/{rel}","templated":true}]}}