{"id":7027,"date":"2022-06-08T11:02:14","date_gmt":"2022-06-08T10:02:14","guid":{"rendered":"https:\/\/www.noghesdumonceau.com\/?p=7027"},"modified":"2022-06-08T11:02:14","modified_gmt":"2022-06-08T10:02:14","slug":"loi-n-1-517-du-23-decembre-2021-portant-reforme-des-dispositions-relatives-a-lincrimination-des-agressions-sexuelles","status":"publish","type":"post","link":"https:\/\/www.noghesdumonceau.com\/loi-n-1-517-du-23-decembre-2021-portant-reforme-des-dispositions-relatives-a-lincrimination-des-agressions-sexuelles\/","title":{"rendered":"Loi n\u00b0 1.517 du 23 d\u00e9cembre 2021 portant r\u00e9forme des dispositions relatives \u00e0 l&rsquo;incrimination des agressions sexuelles."},"content":{"rendered":"<p>Comme l\u2019a \u00e9nonc\u00e9 Madame Marine GRISOUL, Rapporteure au nom de la Commission des Droits de la Femme et de la Famille, cette loi, qui apporte des modifications en mati\u00e8re p\u00e9nale, se forme autour de quatre grands axes\u00a0:<\/p>\n<p>En premier lieu, elle permet <strong>\u00ab\u00a0la red\u00e9finition de certaines infractions\u00a0\u00bb<\/strong> avec\u00a0:<\/p>\n<ul>\n<li>L\u2019expression \u00ab l\u2019outrage public \u00e0 la pudeur \u00bb qui est remplac\u00e9e par \u00ab l\u2019exhibition sexuelle \u00bb et qui est d\u00e9finit comme telle d\u00e8s lors qu\u2019elle est \u00ab impos\u00e9e par tout moyen accessible au public \u00bb et ce, y compris par moyen \u00ab de communication \u00e9lectronique \u00bb (Article 260 du Code p\u00e9nal) ;<\/li>\n<li>L\u2019expression \u00ab\u00a0attentat \u00e0 la pudeur\u00a0\u00bb qui est remplac\u00e9e par les termes \u00ab\u00a0atteinte sexuelle\u00a0\u00bb (Article 261 du Code p\u00e9nal) et \u00ab\u00a0agression sexuelle\u00a0\u00bb (Article 263 et 264 du Code p\u00e9nal) qui sont tous deux d\u00e9finis\u00a0;<\/li>\n<li>L\u2019introduction des termes \u00ab\u00a0harc\u00e8lement moral\u00a0\u00bb (Article 236.1) et \u00ab\u00a0consentement\u00a0\u00bb (Articles 261.1 et 262 du Code p\u00e9nal).<\/li>\n<\/ul>\n<p>De plus, on assiste \u00e0 une <strong>\u00ab\u00a0correctionnalisation des peines encourues\u00a0\u00bb<\/strong>.<\/p>\n<p>En effet, l\u2019article 261 relatif \u00e0 l\u2019atteinte sexuelle introduit notamment une diff\u00e9renciation des peines encourues selon\u00a0la diff\u00e9rence d\u2019\u00e2ge puisque pour une \u00ab\u00a0atteinte sexuelle sur un mineur de moins de quinze ans\u00a0\u00bb, si la diff\u00e9rence d\u2019\u00e2ge est de moins de cinq ans, l\u2019auteur encourt une peine d\u2019emprisonnement de trois \u00e0 cinq ans mais cette peine encourue est de cinq \u00e0 dix ans si cette diff\u00e9rence d\u2019\u00e2ge est de plus de cinq ans.<\/p>\n<p>Par ailleurs, les articles 260.1 ainsi que 260.3 nouvellement introduits permettent <strong>l\u2019introduction des infractions que sont \u00ab\u00a0le harc\u00e8lement sexuel\u00a0\u00bb et le \u00ab\u00a0chantage sexuel\u00a0\u00bb<\/strong> car celui-ci n\u2019\u00e9tait auparavant condamn\u00e9 que dans le cadre d\u2019une relation de travail (Loi n\u00b01.457 du 12 D\u00e9cembre 2017).<\/p>\n<p>Cette Loi <em>relative au harc\u00e8lement et \u00e0 la violence au travail <\/em>est modifi\u00e9e par la m\u00eame occasion en distinguant d\u00e9sormais harc\u00e8lement moral et harc\u00e8lement sexuel dans le cadre du travail.<\/p>\n<p>Enfin, le <strong>Code de proc\u00e9dure p\u00e9nal a fait l\u2019objet d\u2019ajustements<\/strong> en raison des modifications ci-dessus.<\/p>\n<p>Ainsi, des r\u00e9f\u00e9rences aux articles sont remplac\u00e9es ou ajout\u00e9es, et l\u2019article 273 relatif aux \u00ab\u00a0relations immorales avec un mineur [\u2026] s\u00e9duit\u00a0\u00bb est notamment abrog\u00e9.<\/p>\n<p><a href=\"https:\/\/journaldemonaco.gouv.mc\/Journaux\/2022\/Journal-8572\/Loi-n-1.517-du-23-decembre-2021-portant-reforme-des-dispositions-relatives-a-l-incrimination-des-agressions-sexuelles\">https:\/\/journaldemonaco.gouv.mc\/Journaux\/2022\/Journal-8572\/Loi-n-1.517-du-23-decembre-2021-portant-reforme-des-dispositions-relatives-a-l-incrimination-des-agressions-sexuelles<\/a><\/p>\n","protected":false},"excerpt":{"rendered":"<p>Comme l\u2019a \u00e9nonc\u00e9 Madame Marine GRISOUL, Rapporteure au nom de la Commission des Droits de la Femme et de la Famille, cette loi, qui apporte des modifications en mati\u00e8re p\u00e9nale, se forme autour de quatre grands axes\u00a0: En premier lieu,&hellip;<\/p>\n","protected":false},"author":11,"featured_media":0,"comment_status":"closed","ping_status":"open","sticky":false,"template":"","format":"standard","meta":{"footnotes":""},"categories":[1],"tags":[],"post_series":[],"yoast_head":"<!-- This site is optimized with the Yoast SEO plugin v21.2 - https:\/\/yoast.com\/wordpress\/plugins\/seo\/ -->\n<title>Loi n\u00b0 1.517 du 23 d\u00e9cembre 2021 portant r\u00e9forme des dispositions relatives \u00e0 l&#039;incrimination des agressions sexuelles. - Avocats et Juristes \u00e0 Monaco, Nogh\u00e8s-du Monceau<\/title>\n<meta name=\"robots\" content=\"index, follow, max-snippet:-1, max-image-preview:large, max-video-preview:-1\" \/>\n<link rel=\"canonical\" href=\"https:\/\/www.noghesdumonceau.com\/loi-n-1-517-du-23-decembre-2021-portant-reforme-des-dispositions-relatives-a-lincrimination-des-agressions-sexuelles\/\" \/>\n<meta property=\"og:locale\" content=\"fr_FR\" \/>\n<meta property=\"og:type\" content=\"article\" \/>\n<meta property=\"og:title\" content=\"Loi n\u00b0 1.517 du 23 d\u00e9cembre 2021 portant r\u00e9forme des dispositions relatives \u00e0 l&#039;incrimination des agressions sexuelles. - Avocats et Juristes \u00e0 Monaco, Nogh\u00e8s-du Monceau\" \/>\n<meta property=\"og:description\" content=\"Comme l\u2019a \u00e9nonc\u00e9 Madame Marine GRISOUL, Rapporteure au nom de la Commission des Droits de la Femme et de la Famille, cette loi, qui apporte des modifications en mati\u00e8re p\u00e9nale, se forme autour de quatre grands axes\u00a0: En premier lieu,&hellip;\" \/>\n<meta property=\"og:url\" content=\"https:\/\/www.noghesdumonceau.com\/loi-n-1-517-du-23-decembre-2021-portant-reforme-des-dispositions-relatives-a-lincrimination-des-agressions-sexuelles\/\" \/>\n<meta property=\"og:site_name\" content=\"Avocats et Juristes \u00e0 Monaco, Nogh\u00e8s-du Monceau\" \/>\n<meta property=\"article:published_time\" content=\"2022-06-08T10:02:14+00:00\" \/>\n<meta name=\"author\" content=\"Sara Palmer Hussey\" \/>\n<meta name=\"twitter:card\" content=\"summary_large_image\" \/>\n<meta name=\"twitter:label1\" content=\"\u00c9crit par\" \/>\n\t<meta name=\"twitter:data1\" content=\"Sara Palmer Hussey\" \/>\n\t<meta name=\"twitter:label2\" content=\"Dur\u00e9e de lecture estim\u00e9e\" \/>\n\t<meta name=\"twitter:data2\" content=\"2 minutes\" \/>\n<script type=\"application\/ld+json\" class=\"yoast-schema-graph\">{\"@context\":\"https:\/\/schema.org\",\"@graph\":[{\"@type\":\"WebPage\",\"@id\":\"https:\/\/www.noghesdumonceau.com\/loi-n-1-517-du-23-decembre-2021-portant-reforme-des-dispositions-relatives-a-lincrimination-des-agressions-sexuelles\/\",\"url\":\"https:\/\/www.noghesdumonceau.com\/loi-n-1-517-du-23-decembre-2021-portant-reforme-des-dispositions-relatives-a-lincrimination-des-agressions-sexuelles\/\",\"name\":\"Loi n\u00b0 1.517 du 23 d\u00e9cembre 2021 portant r\u00e9forme des dispositions relatives \u00e0 l'incrimination des agressions sexuelles. - Avocats et Juristes \u00e0 Monaco, Nogh\u00e8s-du Monceau\",\"isPartOf\":{\"@id\":\"https:\/\/www.noghesdumonceau.com\/#website\"},\"datePublished\":\"2022-06-08T10:02:14+00:00\",\"dateModified\":\"2022-06-08T10:02:14+00:00\",\"author\":{\"@id\":\"https:\/\/www.noghesdumonceau.com\/#\/schema\/person\/8b5fb246ac46414ee15961bc773c0914\"},\"breadcrumb\":{\"@id\":\"https:\/\/www.noghesdumonceau.com\/loi-n-1-517-du-23-decembre-2021-portant-reforme-des-dispositions-relatives-a-lincrimination-des-agressions-sexuelles\/#breadcrumb\"},\"inLanguage\":\"fr-FR\",\"potentialAction\":[{\"@type\":\"ReadAction\",\"target\":[\"https:\/\/www.noghesdumonceau.com\/loi-n-1-517-du-23-decembre-2021-portant-reforme-des-dispositions-relatives-a-lincrimination-des-agressions-sexuelles\/\"]}]},{\"@type\":\"BreadcrumbList\",\"@id\":\"https:\/\/www.noghesdumonceau.com\/loi-n-1-517-du-23-decembre-2021-portant-reforme-des-dispositions-relatives-a-lincrimination-des-agressions-sexuelles\/#breadcrumb\",\"itemListElement\":[{\"@type\":\"ListItem\",\"position\":1,\"name\":\"Accueil\",\"item\":\"https:\/\/www.noghesdumonceau.com\/\"},{\"@type\":\"ListItem\",\"position\":2,\"name\":\"Loi n\u00b0 1.517 du 23 d\u00e9cembre 2021 portant r\u00e9forme des dispositions relatives \u00e0 l&rsquo;incrimination des agressions sexuelles.\"}]},{\"@type\":\"WebSite\",\"@id\":\"https:\/\/www.noghesdumonceau.com\/#website\",\"url\":\"https:\/\/www.noghesdumonceau.com\/\",\"name\":\"Nogh\u00e8s-du-Monceau Law Firm Monaco\",\"description\":\"Nogh\u00e8s-du-Monceau Law Firm Monaco\",\"potentialAction\":[{\"@type\":\"SearchAction\",\"target\":{\"@type\":\"EntryPoint\",\"urlTemplate\":\"https:\/\/www.noghesdumonceau.com\/?s={search_term_string}\"},\"query-input\":\"required name=search_term_string\"}],\"inLanguage\":\"fr-FR\"},{\"@type\":\"Person\",\"@id\":\"https:\/\/www.noghesdumonceau.com\/#\/schema\/person\/8b5fb246ac46414ee15961bc773c0914\",\"name\":\"Sara Palmer Hussey\",\"image\":{\"@type\":\"ImageObject\",\"inLanguage\":\"fr-FR\",\"@id\":\"https:\/\/www.noghesdumonceau.com\/#\/schema\/person\/image\/\",\"url\":\"https:\/\/secure.gravatar.com\/avatar\/45bb6642b29b7ac5f4c835bba150445b?s=96&d=mm&r=g\",\"contentUrl\":\"https:\/\/secure.gravatar.com\/avatar\/45bb6642b29b7ac5f4c835bba150445b?s=96&d=mm&r=g\",\"caption\":\"Sara Palmer Hussey\"}}]}<\/script>\n<!-- \/ Yoast SEO plugin. -->","yoast_head_json":{"title":"Loi n\u00b0 1.517 du 23 d\u00e9cembre 2021 portant r\u00e9forme des dispositions relatives \u00e0 l'incrimination des agressions sexuelles. - Avocats et Juristes \u00e0 Monaco, Nogh\u00e8s-du Monceau","robots":{"index":"index","follow":"follow","max-snippet":"max-snippet:-1","max-image-preview":"max-image-preview:large","max-video-preview":"max-video-preview:-1"},"canonical":"https:\/\/www.noghesdumonceau.com\/loi-n-1-517-du-23-decembre-2021-portant-reforme-des-dispositions-relatives-a-lincrimination-des-agressions-sexuelles\/","og_locale":"fr_FR","og_type":"article","og_title":"Loi n\u00b0 1.517 du 23 d\u00e9cembre 2021 portant r\u00e9forme des dispositions relatives \u00e0 l'incrimination des agressions sexuelles. - Avocats et Juristes \u00e0 Monaco, Nogh\u00e8s-du Monceau","og_description":"Comme l\u2019a \u00e9nonc\u00e9 Madame Marine GRISOUL, Rapporteure au nom de la Commission des Droits de la Femme et de la Famille, cette loi, qui apporte des modifications en mati\u00e8re p\u00e9nale, se forme autour de quatre grands axes\u00a0: En premier lieu,&hellip;","og_url":"https:\/\/www.noghesdumonceau.com\/loi-n-1-517-du-23-decembre-2021-portant-reforme-des-dispositions-relatives-a-lincrimination-des-agressions-sexuelles\/","og_site_name":"Avocats et Juristes \u00e0 Monaco, Nogh\u00e8s-du Monceau","article_published_time":"2022-06-08T10:02:14+00:00","author":"Sara Palmer Hussey","twitter_card":"summary_large_image","twitter_misc":{"\u00c9crit par":"Sara Palmer Hussey","Dur\u00e9e de lecture estim\u00e9e":"2 minutes"},"schema":{"@context":"https:\/\/schema.org","@graph":[{"@type":"WebPage","@id":"https:\/\/www.noghesdumonceau.com\/loi-n-1-517-du-23-decembre-2021-portant-reforme-des-dispositions-relatives-a-lincrimination-des-agressions-sexuelles\/","url":"https:\/\/www.noghesdumonceau.com\/loi-n-1-517-du-23-decembre-2021-portant-reforme-des-dispositions-relatives-a-lincrimination-des-agressions-sexuelles\/","name":"Loi n\u00b0 1.517 du 23 d\u00e9cembre 2021 portant r\u00e9forme des dispositions relatives \u00e0 l'incrimination des agressions sexuelles. - Avocats et Juristes \u00e0 Monaco, Nogh\u00e8s-du Monceau","isPartOf":{"@id":"https:\/\/www.noghesdumonceau.com\/#website"},"datePublished":"2022-06-08T10:02:14+00:00","dateModified":"2022-06-08T10:02:14+00:00","author":{"@id":"https:\/\/www.noghesdumonceau.com\/#\/schema\/person\/8b5fb246ac46414ee15961bc773c0914"},"breadcrumb":{"@id":"https:\/\/www.noghesdumonceau.com\/loi-n-1-517-du-23-decembre-2021-portant-reforme-des-dispositions-relatives-a-lincrimination-des-agressions-sexuelles\/#breadcrumb"},"inLanguage":"fr-FR","potentialAction":[{"@type":"ReadAction","target":["https:\/\/www.noghesdumonceau.com\/loi-n-1-517-du-23-decembre-2021-portant-reforme-des-dispositions-relatives-a-lincrimination-des-agressions-sexuelles\/"]}]},{"@type":"BreadcrumbList","@id":"https:\/\/www.noghesdumonceau.com\/loi-n-1-517-du-23-decembre-2021-portant-reforme-des-dispositions-relatives-a-lincrimination-des-agressions-sexuelles\/#breadcrumb","itemListElement":[{"@type":"ListItem","position":1,"name":"Accueil","item":"https:\/\/www.noghesdumonceau.com\/"},{"@type":"ListItem","position":2,"name":"Loi n\u00b0 1.517 du 23 d\u00e9cembre 2021 portant r\u00e9forme des dispositions relatives \u00e0 l&rsquo;incrimination des agressions sexuelles."}]},{"@type":"WebSite","@id":"https:\/\/www.noghesdumonceau.com\/#website","url":"https:\/\/www.noghesdumonceau.com\/","name":"Nogh\u00e8s-du-Monceau Law Firm Monaco","description":"Nogh\u00e8s-du-Monceau Law Firm Monaco","potentialAction":[{"@type":"SearchAction","target":{"@type":"EntryPoint","urlTemplate":"https:\/\/www.noghesdumonceau.com\/?s={search_term_string}"},"query-input":"required name=search_term_string"}],"inLanguage":"fr-FR"},{"@type":"Person","@id":"https:\/\/www.noghesdumonceau.com\/#\/schema\/person\/8b5fb246ac46414ee15961bc773c0914","name":"Sara Palmer Hussey","image":{"@type":"ImageObject","inLanguage":"fr-FR","@id":"https:\/\/www.noghesdumonceau.com\/#\/schema\/person\/image\/","url":"https:\/\/secure.gravatar.com\/avatar\/45bb6642b29b7ac5f4c835bba150445b?s=96&d=mm&r=g","contentUrl":"https:\/\/secure.gravatar.com\/avatar\/45bb6642b29b7ac5f4c835bba150445b?s=96&d=mm&r=g","caption":"Sara Palmer Hussey"}}]}},"_links":{"self":[{"href":"https:\/\/www.noghesdumonceau.com\/rest\/wp\/v2\/posts\/7027"}],"collection":[{"href":"https:\/\/www.noghesdumonceau.com\/rest\/wp\/v2\/posts"}],"about":[{"href":"https:\/\/www.noghesdumonceau.com\/rest\/wp\/v2\/types\/post"}],"author":[{"embeddable":true,"href":"https:\/\/www.noghesdumonceau.com\/rest\/wp\/v2\/users\/11"}],"replies":[{"embeddable":true,"href":"https:\/\/www.noghesdumonceau.com\/rest\/wp\/v2\/comments?post=7027"}],"version-history":[{"count":1,"href":"https:\/\/www.noghesdumonceau.com\/rest\/wp\/v2\/posts\/7027\/revisions"}],"predecessor-version":[{"id":7028,"href":"https:\/\/www.noghesdumonceau.com\/rest\/wp\/v2\/posts\/7027\/revisions\/7028"}],"wp:attachment":[{"href":"https:\/\/www.noghesdumonceau.com\/rest\/wp\/v2\/media?parent=7027"}],"wp:term":[{"taxonomy":"category","embeddable":true,"href":"https:\/\/www.noghesdumonceau.com\/rest\/wp\/v2\/categories?post=7027"},{"taxonomy":"post_tag","embeddable":true,"href":"https:\/\/www.noghesdumonceau.com\/rest\/wp\/v2\/tags?post=7027"},{"taxonomy":"post_series","embeddable":true,"href":"https:\/\/www.noghesdumonceau.com\/rest\/wp\/v2\/post_series?post=7027"}],"curies":[{"name":"wp","href":"https:\/\/api.w.org\/{rel}","templated":true}]}}