{"id":7009,"date":"2021-10-12T15:23:39","date_gmt":"2021-10-12T14:23:39","guid":{"rendered":"https:\/\/www.noghesdumonceau.com\/?p=7009"},"modified":"2021-10-12T15:23:39","modified_gmt":"2021-10-12T14:23:39","slug":"loi-n-1-505-du-24-juin-2021-sur-lamenagement-concerte-du-temps-de-travail-dispositions-principales","status":"publish","type":"post","link":"https:\/\/www.noghesdumonceau.com\/loi-n-1-505-du-24-juin-2021-sur-lamenagement-concerte-du-temps-de-travail-dispositions-principales\/","title":{"rendered":"Loi n\u00b0 1.505 du 24 juin 2021 sur l&rsquo;am\u00e9nagement concert\u00e9 du temps de travail (dispositions principales)"},"content":{"rendered":"<p>Une convention collective de travail ou un accord d\u2019entreprise, peut r\u00e9partir la dur\u00e9e du travail sur une p\u00e9riode de r\u00e9f\u00e9rence (dur\u00e9e moyenne hebdomadaire) sup\u00e9rieure \u00e0 la semaine dans la limite d\u2019une ann\u00e9e dans les conditions suivantes\u00a0:<\/p>\n<p><strong>Article 8-2<\/strong> : La mise en \u0153uvre de l\u2019am\u00e9nagement du temps de travail sur une p\u00e9riode de r\u00e9f\u00e9rence sup\u00e9rieure \u00e0 la semaine, au sein d\u2019une entreprise, est soumise aux conditions cumulatives suivantes :<\/p>\n<ul>\n<li>que cet am\u00e9nagement du temps de travail soit autoris\u00e9 et r\u00e9gi par une convention collective de travail ou, \u00e0 d\u00e9faut, par un accord d\u2019entreprise ;<\/li>\n<li>que la convention collective de travail conclue pour une entreprise ou l\u2019accord d\u2019entreprise sign\u00e9, recueillent le vote favorable, \u00e0 la majorit\u00e9 simple des salari\u00e9s concern\u00e9s par cet am\u00e9nagement.<\/li>\n<\/ul>\n<p>Le vote pr\u00e9vu au premier alin\u00e9a a lieu \u00e0 bulletin secret, dans un d\u00e9lai de quatorze jours calendaires \u00e0 compter de la signature de l\u2019accord d\u2019entreprise ou de la convention collective de travail, et dans des conditions permettant de garantir l\u2019anonymat du vote. Les modalit\u00e9s de ce vote sont fix\u00e9es par ordonnance souveraine.<\/p>\n<p>L\u2019employeur informe, par tout moyen, l\u2019ensemble des salari\u00e9s de son entreprise du r\u00e9sultat du vote.<\/p>\n<p>Les contestations relatives \u00e0 la r\u00e9gularit\u00e9 des op\u00e9rations de vote sont de la comp\u00e9tence du juge de paix, qui statue d\u2019urgence et en dernier ressort ; la d\u00e9cision du juge de paix peut \u00eatre d\u00e9f\u00e9r\u00e9e \u00e0 la Cour de r\u00e9vision qui statuera sur pi\u00e8ces et d\u2019urgence.<\/p>\n<p><strong>Article 8-3 :<\/strong> Toute convention collective de travail et tout accord d\u2019entreprise relatifs \u00e0 l\u2019am\u00e9nagement du temps de travail sp\u00e9cifient notamment :<\/p>\n<ul>\n<li>les cat\u00e9gories de travailleurs auxquelles s\u2019applique l\u2019am\u00e9nagement du temps de travail ;<\/li>\n<li>la date de prise d\u2019effet de la p\u00e9riode de r\u00e9f\u00e9rence ;<\/li>\n<li>le nombre d\u2019heures de travail compris dans cette p\u00e9riode de r\u00e9f\u00e9rence, lequel comprend les heures des jours habituellement travaill\u00e9s, \u00e0 l\u2019exclusion notamment des jours f\u00e9ri\u00e9s et ch\u00f4m\u00e9s ;<\/li>\n<li>les amplitudes maximale et minimale hebdomadaires de travail dans l\u2019entreprise sur la p\u00e9riode de r\u00e9f\u00e9rence ;<\/li>\n<li>la contrepartie octroy\u00e9e aux salari\u00e9s concern\u00e9s par l\u2019am\u00e9nagement du temps de travail ;<\/li>\n<li>la dur\u00e9e de validit\u00e9 de la convention collective de travail ou de l\u2019accord d\u2019entreprise ;<\/li>\n<li>les conditions et les d\u00e9lais de pr\u00e9venance en cas de modification de la dur\u00e9e ou de l\u2019horaire de travail ;<\/li>\n<li>les modalit\u00e9s et le d\u00e9lai de pr\u00e9avis de d\u00e9nonciation de la convention collective de travail ou de l\u2019accord d\u2019entreprise ;<\/li>\n<li>le cas \u00e9ch\u00e9ant, le r\u00e9sultat du vote des salari\u00e9s concern\u00e9s par l\u2019am\u00e9nagement du temps de travail.<\/li>\n<\/ul>\n<p><strong>Article 8-4 :<\/strong> Lorsqu\u2019est mis en \u0153uvre un am\u00e9nagement du temps de travail sur une p\u00e9riode de r\u00e9f\u00e9rence sup\u00e9rieure \u00e0 la semaine, les heures suppl\u00e9mentaires seront d\u00e9compt\u00e9es et r\u00e9mun\u00e9r\u00e9es \u00e0 l\u2019issue de cette p\u00e9riode de r\u00e9f\u00e9rence.<\/p>\n<p>Dans ce cas, constitueront des heures suppl\u00e9mentaires les heures effectu\u00e9es au-del\u00e0 d\u2019une dur\u00e9e hebdomadaire moyenne de trente-neuf heures ou de la dur\u00e9e consid\u00e9r\u00e9e comme \u00e9quivalente, calcul\u00e9e sur la p\u00e9riode de r\u00e9f\u00e9rence.<\/p>\n<p><strong>Article 8-5 :<\/strong> Dans les entreprises ayant mis en place un dispositif d\u2019am\u00e9nagement du temps de travail sur une p\u00e9riode de r\u00e9f\u00e9rence sup\u00e9rieure \u00e0 la semaine, les salari\u00e9s seront inform\u00e9s, dans un d\u00e9lai qui ne peut \u00eatre inf\u00e9rieur \u00e0 quatorze jours calendaires, de tout changement dans la r\u00e9partition de leur dur\u00e9e de travail.<\/p>\n<p><strong>Article 8-6 :<\/strong> La mise en place d\u2019un dispositif d\u2019am\u00e9nagement du temps de travail sur une p\u00e9riode de r\u00e9f\u00e9rence sup\u00e9rieure \u00e0 la semaine ne pourra avoir pour effet de porter la dur\u00e9e moyenne hebdomadaire au-del\u00e0 des plafonds fix\u00e9s par le premier alin\u00e9a de l\u2019article 5.<\/p>\n<p>Pour les salari\u00e9s ou apprentis, de l\u2019un ou l\u2019autre sexe, \u00e2g\u00e9s de moins de dix-huit ans, les amplitudes maximales de travail effectif hebdomadaire et journalier ne sauraient \u00eatre sup\u00e9rieures aux plafonds fix\u00e9s par le premier alin\u00e9a de l\u2019article 13 bis.<\/p>\n<p>Pour les salari\u00e9s occupant un emploi d\u2019une dur\u00e9e inf\u00e9rieure \u00e0 la dur\u00e9e hebdomadaire vis\u00e9e au premier alin\u00e9a de l\u2019article premier, l\u2019amplitude maximale de travail effectif hebdomadaire est fix\u00e9e au <em>prorata temporis<\/em> de l\u2019amplitude maximale applicable aux salari\u00e9s employ\u00e9s pour une dur\u00e9e hebdomadaire de trente-neuf heures.<\/p>\n<p>Pour les salari\u00e9s dont les heures de travail effectives sont d\u00e9termin\u00e9es par l\u2019application d\u2019un r\u00e9gime d\u2019\u00e9quivalence, ces amplitudes hebdomadaires de travail effectif sont calcul\u00e9es sur la base de la dur\u00e9e de travail effectif pr\u00e9vue par l\u2019arr\u00eat\u00e9 minist\u00e9riel n\u00b0 60-004 du 6 janvier 1960, modifi\u00e9.<\/p>\n<p>La mise en place d\u2019un dispositif d\u2019am\u00e9nagement du temps de travail sur une p\u00e9riode de r\u00e9f\u00e9rence sup\u00e9rieure \u00e0 la semaine ne pourra avoir pour effet de porter atteinte aux dispositions l\u00e9gales ou conventionnelles relatives au temps de repos.<\/p>\n<p><strong>Article 8-7 :<\/strong> Les salari\u00e9s dont l\u2019am\u00e9nagement du temps de travail sera fix\u00e9 sur une p\u00e9riode de r\u00e9f\u00e9rence sup\u00e9rieure \u00e0 une semaine, b\u00e9n\u00e9ficieront d\u2019au moins l\u2019une des contreparties suivantes :<\/p>\n<ul>\n<li>une r\u00e9mun\u00e9ration \u00e0 hauteur de 10% au moins des heures de travail accomplies au-del\u00e0 de trente\u2011neuf heures par semaine, ou de la dur\u00e9e consid\u00e9r\u00e9e comme \u00e9quivalente, ou de la dur\u00e9e fix\u00e9e dans le contrat, sans pr\u00e9judice, le cas \u00e9ch\u00e9ant, du paiement des heures suppl\u00e9mentaires conform\u00e9ment \u00e0 l\u2019article 8-4 ;<\/li>\n<li>un temps de r\u00e9cup\u00e9ration cr\u00e9dit\u00e9 sur un compte \u00e9pargne temps et correspondant \u00e0 10% au moins des heures de travail accomplies au-del\u00e0 de trente\u2011neuf heures par semaine, ou de la dur\u00e9e consid\u00e9r\u00e9e comme \u00e9quivalente, ou de la dur\u00e9e fix\u00e9e dans le contrat.<\/li>\n<\/ul>\n<p><a href=\"https:\/\/journaldemonaco.gouv.mc\/Journaux\/2021\/Journal-8545\/Loi-n-1.505-du-24-juin-2021-sur-l-amenagement-concerte-du-temps-de-travail\">https:\/\/journaldemonaco.gouv.mc\/Journaux\/2021\/Journal-8545\/Loi-n-1.505-du-24-juin-2021-sur-l-amenagement-concerte-du-temps-de-travail<\/a><\/p>\n","protected":false},"excerpt":{"rendered":"<p>Une convention collective de travail ou un accord d\u2019entreprise, peut r\u00e9partir la dur\u00e9e du travail sur une p\u00e9riode de r\u00e9f\u00e9rence (dur\u00e9e moyenne hebdomadaire) sup\u00e9rieure \u00e0 la semaine dans la limite d\u2019une ann\u00e9e dans les conditions suivantes\u00a0: Article 8-2 : La&hellip;<\/p>\n","protected":false},"author":11,"featured_media":0,"comment_status":"closed","ping_status":"open","sticky":false,"template":"","format":"standard","meta":{"footnotes":""},"categories":[1],"tags":[],"post_series":[],"yoast_head":"<!-- This site is optimized with the Yoast SEO plugin v21.2 - https:\/\/yoast.com\/wordpress\/plugins\/seo\/ -->\n<title>Loi n\u00b0 1.505 du 24 juin 2021 sur l&#039;am\u00e9nagement concert\u00e9 du temps de travail (dispositions principales) - Avocats et Juristes \u00e0 Monaco, Nogh\u00e8s-du Monceau<\/title>\n<meta name=\"robots\" content=\"index, follow, max-snippet:-1, max-image-preview:large, max-video-preview:-1\" \/>\n<link rel=\"canonical\" href=\"https:\/\/www.noghesdumonceau.com\/loi-n-1-505-du-24-juin-2021-sur-lamenagement-concerte-du-temps-de-travail-dispositions-principales\/\" \/>\n<meta property=\"og:locale\" content=\"fr_FR\" \/>\n<meta property=\"og:type\" content=\"article\" \/>\n<meta property=\"og:title\" content=\"Loi n\u00b0 1.505 du 24 juin 2021 sur l&#039;am\u00e9nagement concert\u00e9 du temps de travail (dispositions principales) - Avocats et Juristes \u00e0 Monaco, Nogh\u00e8s-du Monceau\" \/>\n<meta property=\"og:description\" content=\"Une convention collective de travail ou un accord d\u2019entreprise, peut r\u00e9partir la dur\u00e9e du travail sur une p\u00e9riode de r\u00e9f\u00e9rence (dur\u00e9e moyenne hebdomadaire) sup\u00e9rieure \u00e0 la semaine dans la limite d\u2019une ann\u00e9e dans les conditions suivantes\u00a0: Article 8-2 : La&hellip;\" \/>\n<meta property=\"og:url\" content=\"https:\/\/www.noghesdumonceau.com\/loi-n-1-505-du-24-juin-2021-sur-lamenagement-concerte-du-temps-de-travail-dispositions-principales\/\" \/>\n<meta property=\"og:site_name\" content=\"Avocats et Juristes \u00e0 Monaco, Nogh\u00e8s-du Monceau\" \/>\n<meta property=\"article:published_time\" content=\"2021-10-12T14:23:39+00:00\" \/>\n<meta name=\"author\" content=\"Sara Palmer Hussey\" \/>\n<meta name=\"twitter:card\" content=\"summary_large_image\" \/>\n<meta name=\"twitter:label1\" content=\"\u00c9crit par\" \/>\n\t<meta name=\"twitter:data1\" content=\"Sara Palmer Hussey\" \/>\n\t<meta name=\"twitter:label2\" content=\"Dur\u00e9e de lecture estim\u00e9e\" \/>\n\t<meta name=\"twitter:data2\" content=\"4 minutes\" \/>\n<script type=\"application\/ld+json\" class=\"yoast-schema-graph\">{\"@context\":\"https:\/\/schema.org\",\"@graph\":[{\"@type\":\"WebPage\",\"@id\":\"https:\/\/www.noghesdumonceau.com\/loi-n-1-505-du-24-juin-2021-sur-lamenagement-concerte-du-temps-de-travail-dispositions-principales\/\",\"url\":\"https:\/\/www.noghesdumonceau.com\/loi-n-1-505-du-24-juin-2021-sur-lamenagement-concerte-du-temps-de-travail-dispositions-principales\/\",\"name\":\"Loi n\u00b0 1.505 du 24 juin 2021 sur l'am\u00e9nagement concert\u00e9 du temps de travail (dispositions principales) - Avocats et Juristes \u00e0 Monaco, Nogh\u00e8s-du Monceau\",\"isPartOf\":{\"@id\":\"https:\/\/www.noghesdumonceau.com\/#website\"},\"datePublished\":\"2021-10-12T14:23:39+00:00\",\"dateModified\":\"2021-10-12T14:23:39+00:00\",\"author\":{\"@id\":\"https:\/\/www.noghesdumonceau.com\/#\/schema\/person\/8b5fb246ac46414ee15961bc773c0914\"},\"breadcrumb\":{\"@id\":\"https:\/\/www.noghesdumonceau.com\/loi-n-1-505-du-24-juin-2021-sur-lamenagement-concerte-du-temps-de-travail-dispositions-principales\/#breadcrumb\"},\"inLanguage\":\"fr-FR\",\"potentialAction\":[{\"@type\":\"ReadAction\",\"target\":[\"https:\/\/www.noghesdumonceau.com\/loi-n-1-505-du-24-juin-2021-sur-lamenagement-concerte-du-temps-de-travail-dispositions-principales\/\"]}]},{\"@type\":\"BreadcrumbList\",\"@id\":\"https:\/\/www.noghesdumonceau.com\/loi-n-1-505-du-24-juin-2021-sur-lamenagement-concerte-du-temps-de-travail-dispositions-principales\/#breadcrumb\",\"itemListElement\":[{\"@type\":\"ListItem\",\"position\":1,\"name\":\"Accueil\",\"item\":\"https:\/\/www.noghesdumonceau.com\/\"},{\"@type\":\"ListItem\",\"position\":2,\"name\":\"Loi n\u00b0 1.505 du 24 juin 2021 sur l&rsquo;am\u00e9nagement concert\u00e9 du temps de travail (dispositions principales)\"}]},{\"@type\":\"WebSite\",\"@id\":\"https:\/\/www.noghesdumonceau.com\/#website\",\"url\":\"https:\/\/www.noghesdumonceau.com\/\",\"name\":\"Nogh\u00e8s-du-Monceau Law Firm Monaco\",\"description\":\"Nogh\u00e8s-du-Monceau Law Firm Monaco\",\"potentialAction\":[{\"@type\":\"SearchAction\",\"target\":{\"@type\":\"EntryPoint\",\"urlTemplate\":\"https:\/\/www.noghesdumonceau.com\/?s={search_term_string}\"},\"query-input\":\"required name=search_term_string\"}],\"inLanguage\":\"fr-FR\"},{\"@type\":\"Person\",\"@id\":\"https:\/\/www.noghesdumonceau.com\/#\/schema\/person\/8b5fb246ac46414ee15961bc773c0914\",\"name\":\"Sara Palmer Hussey\",\"image\":{\"@type\":\"ImageObject\",\"inLanguage\":\"fr-FR\",\"@id\":\"https:\/\/www.noghesdumonceau.com\/#\/schema\/person\/image\/\",\"url\":\"https:\/\/secure.gravatar.com\/avatar\/45bb6642b29b7ac5f4c835bba150445b?s=96&d=mm&r=g\",\"contentUrl\":\"https:\/\/secure.gravatar.com\/avatar\/45bb6642b29b7ac5f4c835bba150445b?s=96&d=mm&r=g\",\"caption\":\"Sara Palmer Hussey\"}}]}<\/script>\n<!-- \/ Yoast SEO plugin. -->","yoast_head_json":{"title":"Loi n\u00b0 1.505 du 24 juin 2021 sur l'am\u00e9nagement concert\u00e9 du temps de travail (dispositions principales) - Avocats et Juristes \u00e0 Monaco, Nogh\u00e8s-du Monceau","robots":{"index":"index","follow":"follow","max-snippet":"max-snippet:-1","max-image-preview":"max-image-preview:large","max-video-preview":"max-video-preview:-1"},"canonical":"https:\/\/www.noghesdumonceau.com\/loi-n-1-505-du-24-juin-2021-sur-lamenagement-concerte-du-temps-de-travail-dispositions-principales\/","og_locale":"fr_FR","og_type":"article","og_title":"Loi n\u00b0 1.505 du 24 juin 2021 sur l'am\u00e9nagement concert\u00e9 du temps de travail (dispositions principales) - Avocats et Juristes \u00e0 Monaco, Nogh\u00e8s-du Monceau","og_description":"Une convention collective de travail ou un accord d\u2019entreprise, peut r\u00e9partir la dur\u00e9e du travail sur une p\u00e9riode de r\u00e9f\u00e9rence (dur\u00e9e moyenne hebdomadaire) sup\u00e9rieure \u00e0 la semaine dans la limite d\u2019une ann\u00e9e dans les conditions suivantes\u00a0: Article 8-2 : La&hellip;","og_url":"https:\/\/www.noghesdumonceau.com\/loi-n-1-505-du-24-juin-2021-sur-lamenagement-concerte-du-temps-de-travail-dispositions-principales\/","og_site_name":"Avocats et Juristes \u00e0 Monaco, Nogh\u00e8s-du Monceau","article_published_time":"2021-10-12T14:23:39+00:00","author":"Sara Palmer Hussey","twitter_card":"summary_large_image","twitter_misc":{"\u00c9crit par":"Sara Palmer Hussey","Dur\u00e9e de lecture estim\u00e9e":"4 minutes"},"schema":{"@context":"https:\/\/schema.org","@graph":[{"@type":"WebPage","@id":"https:\/\/www.noghesdumonceau.com\/loi-n-1-505-du-24-juin-2021-sur-lamenagement-concerte-du-temps-de-travail-dispositions-principales\/","url":"https:\/\/www.noghesdumonceau.com\/loi-n-1-505-du-24-juin-2021-sur-lamenagement-concerte-du-temps-de-travail-dispositions-principales\/","name":"Loi n\u00b0 1.505 du 24 juin 2021 sur l'am\u00e9nagement concert\u00e9 du temps de travail (dispositions principales) - Avocats et Juristes \u00e0 Monaco, Nogh\u00e8s-du Monceau","isPartOf":{"@id":"https:\/\/www.noghesdumonceau.com\/#website"},"datePublished":"2021-10-12T14:23:39+00:00","dateModified":"2021-10-12T14:23:39+00:00","author":{"@id":"https:\/\/www.noghesdumonceau.com\/#\/schema\/person\/8b5fb246ac46414ee15961bc773c0914"},"breadcrumb":{"@id":"https:\/\/www.noghesdumonceau.com\/loi-n-1-505-du-24-juin-2021-sur-lamenagement-concerte-du-temps-de-travail-dispositions-principales\/#breadcrumb"},"inLanguage":"fr-FR","potentialAction":[{"@type":"ReadAction","target":["https:\/\/www.noghesdumonceau.com\/loi-n-1-505-du-24-juin-2021-sur-lamenagement-concerte-du-temps-de-travail-dispositions-principales\/"]}]},{"@type":"BreadcrumbList","@id":"https:\/\/www.noghesdumonceau.com\/loi-n-1-505-du-24-juin-2021-sur-lamenagement-concerte-du-temps-de-travail-dispositions-principales\/#breadcrumb","itemListElement":[{"@type":"ListItem","position":1,"name":"Accueil","item":"https:\/\/www.noghesdumonceau.com\/"},{"@type":"ListItem","position":2,"name":"Loi n\u00b0 1.505 du 24 juin 2021 sur l&rsquo;am\u00e9nagement concert\u00e9 du temps de travail (dispositions principales)"}]},{"@type":"WebSite","@id":"https:\/\/www.noghesdumonceau.com\/#website","url":"https:\/\/www.noghesdumonceau.com\/","name":"Nogh\u00e8s-du-Monceau Law Firm Monaco","description":"Nogh\u00e8s-du-Monceau Law Firm Monaco","potentialAction":[{"@type":"SearchAction","target":{"@type":"EntryPoint","urlTemplate":"https:\/\/www.noghesdumonceau.com\/?s={search_term_string}"},"query-input":"required name=search_term_string"}],"inLanguage":"fr-FR"},{"@type":"Person","@id":"https:\/\/www.noghesdumonceau.com\/#\/schema\/person\/8b5fb246ac46414ee15961bc773c0914","name":"Sara Palmer Hussey","image":{"@type":"ImageObject","inLanguage":"fr-FR","@id":"https:\/\/www.noghesdumonceau.com\/#\/schema\/person\/image\/","url":"https:\/\/secure.gravatar.com\/avatar\/45bb6642b29b7ac5f4c835bba150445b?s=96&d=mm&r=g","contentUrl":"https:\/\/secure.gravatar.com\/avatar\/45bb6642b29b7ac5f4c835bba150445b?s=96&d=mm&r=g","caption":"Sara Palmer Hussey"}}]}},"_links":{"self":[{"href":"https:\/\/www.noghesdumonceau.com\/rest\/wp\/v2\/posts\/7009"}],"collection":[{"href":"https:\/\/www.noghesdumonceau.com\/rest\/wp\/v2\/posts"}],"about":[{"href":"https:\/\/www.noghesdumonceau.com\/rest\/wp\/v2\/types\/post"}],"author":[{"embeddable":true,"href":"https:\/\/www.noghesdumonceau.com\/rest\/wp\/v2\/users\/11"}],"replies":[{"embeddable":true,"href":"https:\/\/www.noghesdumonceau.com\/rest\/wp\/v2\/comments?post=7009"}],"version-history":[{"count":2,"href":"https:\/\/www.noghesdumonceau.com\/rest\/wp\/v2\/posts\/7009\/revisions"}],"predecessor-version":[{"id":7012,"href":"https:\/\/www.noghesdumonceau.com\/rest\/wp\/v2\/posts\/7009\/revisions\/7012"}],"wp:attachment":[{"href":"https:\/\/www.noghesdumonceau.com\/rest\/wp\/v2\/media?parent=7009"}],"wp:term":[{"taxonomy":"category","embeddable":true,"href":"https:\/\/www.noghesdumonceau.com\/rest\/wp\/v2\/categories?post=7009"},{"taxonomy":"post_tag","embeddable":true,"href":"https:\/\/www.noghesdumonceau.com\/rest\/wp\/v2\/tags?post=7009"},{"taxonomy":"post_series","embeddable":true,"href":"https:\/\/www.noghesdumonceau.com\/rest\/wp\/v2\/post_series?post=7009"}],"curies":[{"name":"wp","href":"https:\/\/api.w.org\/{rel}","templated":true}]}}