{"id":6794,"date":"2020-09-18T15:07:12","date_gmt":"2020-09-18T14:07:12","guid":{"rendered":"https:\/\/www.noghesdumonceau.com\/?p=6794"},"modified":"2020-09-18T15:07:12","modified_gmt":"2020-09-18T14:07:12","slug":"decision-of-the-director-of-judicial-services-concerning-the-organisation-of-the-monegasque-prison-and-detention-administration","status":"publish","type":"post","link":"https:\/\/www.noghesdumonceau.com\/en\/decision-of-the-director-of-judicial-services-concerning-the-organisation-of-the-monegasque-prison-and-detention-administration\/","title":{"rendered":"Decision of the Director of Judicial Services concerning the organisation of the Monegasque prison and detention administration"},"content":{"rendered":"<p>Order of the Secretary of State for Justice, Director of Judicial Services n\u00b0 2020-20 of 9th September 2020 amending Order n\u00b0 2012-8 of 4th June 2012 setting the conditions for application of Sovereign Order n\u00b0 3.782 of 16th May 2012 on the organisation of prison administration and detention.<\/p>\n<p>\u00ab\u00a0In accordance with the provisions of the second paragraph of Article 96 of the aforementioned Sovereign Order 3.782 of 16 May 2012, sentenced detainees have the option, with the authorisation of the Prison Director, of telephoning for fifteen minutes a day at their own expense, using units purchased in a canteen. The same faculty applies to other persons detained with the express consent of the competent judicial authority.<br \/>\nAn indigent detainee may be granted fifteen minutes per week with the authorisation of the competent judicial or administrative authority. \u00bb.<\/p>\n<p>\u00ab\u00a0The number of telephone numbers authorised per detained person shall be limited to ten\u00a0\u00bb.<\/p>\n<p><a href=\"https:\/\/journaldemonaco.gouv.mc\/Journaux\/2020\/Journal-8503\/Arrete-du-Secretaire-d-Etat-a-la-Justice-Directeur-des-Services-Judiciaires-n-2020-20-du-9-septembre-2020-portant-modification-de-l-arrete-n-2012-8-du-4-juin-2012-fixant-les-conditions-d-application-de-l-Ordonnance-Souveraine-n-3.782-du-16-mai-2012-po\">https:\/\/journaldemonaco.gouv.mc\/Journaux\/2020\/Journal-8503\/Arrete-du-Secretaire-d-Etat-a-la-Justice-Directeur-des-Services-Judiciaires-n-2020-20-du-9-septembre-2020-portant-modification-de-l-arrete-n-2012-8-du-4-juin-2012-fixant-les-conditions-d-application-de-l-Ordonnance-Souveraine-n-3.782-du-16-mai-2012-po<\/a><\/p>\n","protected":false},"excerpt":{"rendered":"<p>Order of the Secretary of State for Justice, Director of Judicial Services n\u00b0 2020-20 of 9th September 2020 amending Order n\u00b0 2012-8 of 4th June 2012 setting the conditions for application of Sovereign Order n\u00b0 3.782 of 16th May 2012&hellip;<\/p>\n","protected":false},"author":11,"featured_media":0,"comment_status":"closed","ping_status":"open","sticky":false,"template":"","format":"standard","meta":{"footnotes":""},"categories":[11],"tags":[],"post_series":[],"yoast_head":"<!-- This site is optimized with the Yoast SEO plugin v21.2 - https:\/\/yoast.com\/wordpress\/plugins\/seo\/ -->\n<title>Decision of the Director of Judicial Services concerning the organisation of the Monegasque prison and detention administration - Avocats et Juristes \u00e0 Monaco, Nogh\u00e8s-du Monceau<\/title>\n<meta name=\"robots\" content=\"index, follow, max-snippet:-1, max-image-preview:large, max-video-preview:-1\" \/>\n<link rel=\"canonical\" href=\"https:\/\/www.noghesdumonceau.com\/decision-of-the-director-of-judicial-services-concerning-the-organisation-of-the-monegasque-prison-and-detention-administration\/\" \/>\n<meta property=\"og:locale\" content=\"fr_FR\" \/>\n<meta property=\"og:type\" content=\"article\" \/>\n<meta property=\"og:title\" content=\"Decision of the Director of Judicial Services concerning the organisation of the Monegasque prison and detention administration - Avocats et Juristes \u00e0 Monaco, Nogh\u00e8s-du Monceau\" \/>\n<meta property=\"og:description\" content=\"Order of the Secretary of State for Justice, Director of Judicial Services n\u00b0 2020-20 of 9th September 2020 amending Order n\u00b0 2012-8 of 4th June 2012 setting the conditions for application of Sovereign Order n\u00b0 3.782 of 16th May 2012&hellip;\" \/>\n<meta property=\"og:url\" content=\"https:\/\/www.noghesdumonceau.com\/en\/decision-of-the-director-of-judicial-services-concerning-the-organisation-of-the-monegasque-prison-and-detention-administration\/\" \/>\n<meta property=\"og:site_name\" content=\"Avocats et Juristes \u00e0 Monaco, Nogh\u00e8s-du Monceau\" \/>\n<meta property=\"article:published_time\" content=\"2020-09-18T14:07:12+00:00\" \/>\n<meta name=\"author\" content=\"Sara Palmer Hussey\" \/>\n<meta name=\"twitter:card\" content=\"summary_large_image\" \/>\n<meta name=\"twitter:label1\" content=\"\u00c9crit par\" \/>\n\t<meta name=\"twitter:data1\" content=\"Sara Palmer Hussey\" \/>\n\t<meta name=\"twitter:label2\" content=\"Dur\u00e9e de lecture estim\u00e9e\" \/>\n\t<meta name=\"twitter:data2\" content=\"1 minute\" \/>\n<script type=\"application\/ld+json\" class=\"yoast-schema-graph\">{\"@context\":\"https:\/\/schema.org\",\"@graph\":[{\"@type\":\"WebPage\",\"@id\":\"https:\/\/www.noghesdumonceau.com\/en\/decision-of-the-director-of-judicial-services-concerning-the-organisation-of-the-monegasque-prison-and-detention-administration\/\",\"url\":\"https:\/\/www.noghesdumonceau.com\/en\/decision-of-the-director-of-judicial-services-concerning-the-organisation-of-the-monegasque-prison-and-detention-administration\/\",\"name\":\"Decision of the Director of Judicial Services concerning the organisation of the Monegasque prison and detention administration - Avocats et Juristes \u00e0 Monaco, Nogh\u00e8s-du Monceau\",\"isPartOf\":{\"@id\":\"https:\/\/www.noghesdumonceau.com\/#website\"},\"datePublished\":\"2020-09-18T14:07:12+00:00\",\"dateModified\":\"2020-09-18T14:07:12+00:00\",\"author\":{\"@id\":\"https:\/\/www.noghesdumonceau.com\/#\/schema\/person\/8b5fb246ac46414ee15961bc773c0914\"},\"breadcrumb\":{\"@id\":\"https:\/\/www.noghesdumonceau.com\/en\/decision-of-the-director-of-judicial-services-concerning-the-organisation-of-the-monegasque-prison-and-detention-administration\/#breadcrumb\"},\"inLanguage\":\"fr-FR\",\"potentialAction\":[{\"@type\":\"ReadAction\",\"target\":[\"https:\/\/www.noghesdumonceau.com\/en\/decision-of-the-director-of-judicial-services-concerning-the-organisation-of-the-monegasque-prison-and-detention-administration\/\"]}]},{\"@type\":\"BreadcrumbList\",\"@id\":\"https:\/\/www.noghesdumonceau.com\/en\/decision-of-the-director-of-judicial-services-concerning-the-organisation-of-the-monegasque-prison-and-detention-administration\/#breadcrumb\",\"itemListElement\":[{\"@type\":\"ListItem\",\"position\":1,\"name\":\"Accueil\",\"item\":\"https:\/\/www.noghesdumonceau.com\/\"},{\"@type\":\"ListItem\",\"position\":2,\"name\":\"Decision of the Director of Judicial Services concerning the organisation of the Monegasque prison and detention administration\"}]},{\"@type\":\"WebSite\",\"@id\":\"https:\/\/www.noghesdumonceau.com\/#website\",\"url\":\"https:\/\/www.noghesdumonceau.com\/\",\"name\":\"Nogh\u00e8s-du-Monceau Law Firm Monaco\",\"description\":\"Nogh\u00e8s-du-Monceau Law Firm Monaco\",\"potentialAction\":[{\"@type\":\"SearchAction\",\"target\":{\"@type\":\"EntryPoint\",\"urlTemplate\":\"https:\/\/www.noghesdumonceau.com\/?s={search_term_string}\"},\"query-input\":\"required name=search_term_string\"}],\"inLanguage\":\"fr-FR\"},{\"@type\":\"Person\",\"@id\":\"https:\/\/www.noghesdumonceau.com\/#\/schema\/person\/8b5fb246ac46414ee15961bc773c0914\",\"name\":\"Sara Palmer Hussey\",\"image\":{\"@type\":\"ImageObject\",\"inLanguage\":\"fr-FR\",\"@id\":\"https:\/\/www.noghesdumonceau.com\/#\/schema\/person\/image\/\",\"url\":\"https:\/\/secure.gravatar.com\/avatar\/45bb6642b29b7ac5f4c835bba150445b?s=96&d=mm&r=g\",\"contentUrl\":\"https:\/\/secure.gravatar.com\/avatar\/45bb6642b29b7ac5f4c835bba150445b?s=96&d=mm&r=g\",\"caption\":\"Sara Palmer Hussey\"}}]}<\/script>\n<!-- \/ Yoast SEO plugin. -->","yoast_head_json":{"title":"Decision of the Director of Judicial Services concerning the organisation of the Monegasque prison and detention administration - Avocats et Juristes \u00e0 Monaco, Nogh\u00e8s-du Monceau","robots":{"index":"index","follow":"follow","max-snippet":"max-snippet:-1","max-image-preview":"max-image-preview:large","max-video-preview":"max-video-preview:-1"},"canonical":"https:\/\/www.noghesdumonceau.com\/decision-of-the-director-of-judicial-services-concerning-the-organisation-of-the-monegasque-prison-and-detention-administration\/","og_locale":"fr_FR","og_type":"article","og_title":"Decision of the Director of Judicial Services concerning the organisation of the Monegasque prison and detention administration - Avocats et Juristes \u00e0 Monaco, Nogh\u00e8s-du Monceau","og_description":"Order of the Secretary of State for Justice, Director of Judicial Services n\u00b0 2020-20 of 9th September 2020 amending Order n\u00b0 2012-8 of 4th June 2012 setting the conditions for application of Sovereign Order n\u00b0 3.782 of 16th May 2012&hellip;","og_url":"https:\/\/www.noghesdumonceau.com\/en\/decision-of-the-director-of-judicial-services-concerning-the-organisation-of-the-monegasque-prison-and-detention-administration\/","og_site_name":"Avocats et Juristes \u00e0 Monaco, Nogh\u00e8s-du Monceau","article_published_time":"2020-09-18T14:07:12+00:00","author":"Sara Palmer Hussey","twitter_card":"summary_large_image","twitter_misc":{"\u00c9crit par":"Sara Palmer Hussey","Dur\u00e9e de lecture estim\u00e9e":"1 minute"},"schema":{"@context":"https:\/\/schema.org","@graph":[{"@type":"WebPage","@id":"https:\/\/www.noghesdumonceau.com\/en\/decision-of-the-director-of-judicial-services-concerning-the-organisation-of-the-monegasque-prison-and-detention-administration\/","url":"https:\/\/www.noghesdumonceau.com\/en\/decision-of-the-director-of-judicial-services-concerning-the-organisation-of-the-monegasque-prison-and-detention-administration\/","name":"Decision of the Director of Judicial Services concerning the organisation of the Monegasque prison and detention administration - Avocats et Juristes \u00e0 Monaco, Nogh\u00e8s-du Monceau","isPartOf":{"@id":"https:\/\/www.noghesdumonceau.com\/#website"},"datePublished":"2020-09-18T14:07:12+00:00","dateModified":"2020-09-18T14:07:12+00:00","author":{"@id":"https:\/\/www.noghesdumonceau.com\/#\/schema\/person\/8b5fb246ac46414ee15961bc773c0914"},"breadcrumb":{"@id":"https:\/\/www.noghesdumonceau.com\/en\/decision-of-the-director-of-judicial-services-concerning-the-organisation-of-the-monegasque-prison-and-detention-administration\/#breadcrumb"},"inLanguage":"fr-FR","potentialAction":[{"@type":"ReadAction","target":["https:\/\/www.noghesdumonceau.com\/en\/decision-of-the-director-of-judicial-services-concerning-the-organisation-of-the-monegasque-prison-and-detention-administration\/"]}]},{"@type":"BreadcrumbList","@id":"https:\/\/www.noghesdumonceau.com\/en\/decision-of-the-director-of-judicial-services-concerning-the-organisation-of-the-monegasque-prison-and-detention-administration\/#breadcrumb","itemListElement":[{"@type":"ListItem","position":1,"name":"Accueil","item":"https:\/\/www.noghesdumonceau.com\/"},{"@type":"ListItem","position":2,"name":"Decision of the Director of Judicial Services concerning the organisation of the Monegasque prison and detention administration"}]},{"@type":"WebSite","@id":"https:\/\/www.noghesdumonceau.com\/#website","url":"https:\/\/www.noghesdumonceau.com\/","name":"Nogh\u00e8s-du-Monceau Law Firm Monaco","description":"Nogh\u00e8s-du-Monceau Law Firm Monaco","potentialAction":[{"@type":"SearchAction","target":{"@type":"EntryPoint","urlTemplate":"https:\/\/www.noghesdumonceau.com\/?s={search_term_string}"},"query-input":"required name=search_term_string"}],"inLanguage":"fr-FR"},{"@type":"Person","@id":"https:\/\/www.noghesdumonceau.com\/#\/schema\/person\/8b5fb246ac46414ee15961bc773c0914","name":"Sara Palmer Hussey","image":{"@type":"ImageObject","inLanguage":"fr-FR","@id":"https:\/\/www.noghesdumonceau.com\/#\/schema\/person\/image\/","url":"https:\/\/secure.gravatar.com\/avatar\/45bb6642b29b7ac5f4c835bba150445b?s=96&d=mm&r=g","contentUrl":"https:\/\/secure.gravatar.com\/avatar\/45bb6642b29b7ac5f4c835bba150445b?s=96&d=mm&r=g","caption":"Sara Palmer Hussey"}}]}},"_links":{"self":[{"href":"https:\/\/www.noghesdumonceau.com\/rest\/wp\/v2\/posts\/6794"}],"collection":[{"href":"https:\/\/www.noghesdumonceau.com\/rest\/wp\/v2\/posts"}],"about":[{"href":"https:\/\/www.noghesdumonceau.com\/rest\/wp\/v2\/types\/post"}],"author":[{"embeddable":true,"href":"https:\/\/www.noghesdumonceau.com\/rest\/wp\/v2\/users\/11"}],"replies":[{"embeddable":true,"href":"https:\/\/www.noghesdumonceau.com\/rest\/wp\/v2\/comments?post=6794"}],"version-history":[{"count":1,"href":"https:\/\/www.noghesdumonceau.com\/rest\/wp\/v2\/posts\/6794\/revisions"}],"predecessor-version":[{"id":6795,"href":"https:\/\/www.noghesdumonceau.com\/rest\/wp\/v2\/posts\/6794\/revisions\/6795"}],"wp:attachment":[{"href":"https:\/\/www.noghesdumonceau.com\/rest\/wp\/v2\/media?parent=6794"}],"wp:term":[{"taxonomy":"category","embeddable":true,"href":"https:\/\/www.noghesdumonceau.com\/rest\/wp\/v2\/categories?post=6794"},{"taxonomy":"post_tag","embeddable":true,"href":"https:\/\/www.noghesdumonceau.com\/rest\/wp\/v2\/tags?post=6794"},{"taxonomy":"post_series","embeddable":true,"href":"https:\/\/www.noghesdumonceau.com\/rest\/wp\/v2\/post_series?post=6794"}],"curies":[{"name":"wp","href":"https:\/\/api.w.org\/{rel}","templated":true}]}}