{"id":6792,"date":"2020-09-18T15:04:35","date_gmt":"2020-09-18T14:04:35","guid":{"rendered":"https:\/\/www.noghesdumonceau.com\/?p=6792"},"modified":"2020-09-18T15:04:35","modified_gmt":"2020-09-18T14:04:35","slug":"arrete-de-monsieur-le-directeur-des-services-judiciaires-concernant-lorganisation-de-ladministration-penitentiere-et-de-la-detention-monegasque","status":"publish","type":"post","link":"https:\/\/www.noghesdumonceau.com\/arrete-de-monsieur-le-directeur-des-services-judiciaires-concernant-lorganisation-de-ladministration-penitentiere-et-de-la-detention-monegasque\/","title":{"rendered":"Arr\u00eat\u00e9 de Monsieur le Directeur des Services Judiciaires concernant l\u2019organisation de l\u2019administration p\u00e9nitenti\u00e8re et de la d\u00e9tention mon\u00e9gasque"},"content":{"rendered":"<p>Arr\u00eat\u00e9 du Secr\u00e9taire d&rsquo;\u00c9tat \u00e0 la Justice, Directeur des Services Judiciaires n\u00b0 2020-20 du 9 septembre 2020 portant modification de l&rsquo;arr\u00eat\u00e9 n\u00b0 2012-8 du 4 juin 2012 fixant les conditions d&rsquo;application de l&rsquo;Ordonnance Souveraine n\u00b0 3.782 du 16 mai 2012 portant organisation de l&rsquo;administration p\u00e9nitentiaire et de la d\u00e9tention.<\/p>\n<p>\u00ab Conform\u00e9ment aux dispositions du second alin\u00e9a de l&rsquo;article\u00a096 de l&rsquo;Ordonnance Souveraine n\u00b0 3.782 du 16 mai 2012, susvis\u00e9e, les personnes d\u00e9tenues condamn\u00e9es ont la facult\u00e9, avec l&rsquo;autorisation du directeur de la Maison d&rsquo;arr\u00eat, de t\u00e9l\u00e9phoner quinze minutes par jour \u00e0 leurs frais, au moyen d&rsquo;unit\u00e9s achet\u00e9es en cantine. La m\u00eame facult\u00e9 s&rsquo;applique aux autres personnes d\u00e9tenues avec l&rsquo;accord expr\u00e8s de l&rsquo;autorit\u00e9 judiciaire comp\u00e9tente.<br \/>\nLa personne d\u00e9tenue indigente peut b\u00e9n\u00e9ficier de quinze minutes hebdomadaires avec l&rsquo;autorisation de l&rsquo;autorit\u00e9 judiciaire ou administrative comp\u00e9tente. \u00bb.<\/p>\n<p>\u00ab Le nombre de num\u00e9ros de t\u00e9l\u00e9phone autoris\u00e9 par personne d\u00e9tenue est limit\u00e9 \u00e0 dix \u00bb.<\/p>\n<p><a href=\"https:\/\/journaldemonaco.gouv.mc\/Journaux\/2020\/Journal-8503\/Arrete-du-Secretaire-d-Etat-a-la-Justice-Directeur-des-Services-Judiciaires-n-2020-20-du-9-septembre-2020-portant-modification-de-l-arrete-n-2012-8-du-4-juin-2012-fixant-les-conditions-d-application-de-l-Ordonnance-Souveraine-n-3.782-du-16-mai-2012-po\">https:\/\/journaldemonaco.gouv.mc\/Journaux\/2020\/Journal-8503\/Arrete-du-Secretaire-d-Etat-a-la-Justice-Directeur-des-Services-Judiciaires-n-2020-20-du-9-septembre-2020-portant-modification-de-l-arrete-n-2012-8-du-4-juin-2012-fixant-les-conditions-d-application-de-l-Ordonnance-Souveraine-n-3.782-du-16-mai-2012-po<\/a><\/p>\n","protected":false},"excerpt":{"rendered":"<p>Arr\u00eat\u00e9 du Secr\u00e9taire d&rsquo;\u00c9tat \u00e0 la Justice, Directeur des Services Judiciaires n\u00b0 2020-20 du 9 septembre 2020 portant modification de l&rsquo;arr\u00eat\u00e9 n\u00b0 2012-8 du 4 juin 2012 fixant les conditions d&rsquo;application de l&rsquo;Ordonnance Souveraine n\u00b0 3.782 du 16 mai 2012&hellip;<\/p>\n","protected":false},"author":11,"featured_media":0,"comment_status":"closed","ping_status":"open","sticky":false,"template":"","format":"standard","meta":{"footnotes":""},"categories":[1],"tags":[],"post_series":[],"yoast_head":"<!-- This site is optimized with the Yoast SEO plugin v21.2 - https:\/\/yoast.com\/wordpress\/plugins\/seo\/ -->\n<title>Arr\u00eat\u00e9 de Monsieur le Directeur des Services Judiciaires concernant l\u2019organisation de l\u2019administration p\u00e9nitenti\u00e8re et de la d\u00e9tention mon\u00e9gasque - Avocats et Juristes \u00e0 Monaco, Nogh\u00e8s-du Monceau<\/title>\n<meta name=\"robots\" content=\"index, follow, max-snippet:-1, max-image-preview:large, max-video-preview:-1\" \/>\n<link rel=\"canonical\" href=\"https:\/\/www.noghesdumonceau.com\/arrete-de-monsieur-le-directeur-des-services-judiciaires-concernant-lorganisation-de-ladministration-penitentiere-et-de-la-detention-monegasque\/\" \/>\n<meta property=\"og:locale\" content=\"fr_FR\" \/>\n<meta property=\"og:type\" content=\"article\" \/>\n<meta property=\"og:title\" content=\"Arr\u00eat\u00e9 de Monsieur le Directeur des Services Judiciaires concernant l\u2019organisation de l\u2019administration p\u00e9nitenti\u00e8re et de la d\u00e9tention mon\u00e9gasque - Avocats et Juristes \u00e0 Monaco, Nogh\u00e8s-du Monceau\" \/>\n<meta property=\"og:description\" content=\"Arr\u00eat\u00e9 du Secr\u00e9taire d&rsquo;\u00c9tat \u00e0 la Justice, Directeur des Services Judiciaires n\u00b0 2020-20 du 9 septembre 2020 portant modification de l&rsquo;arr\u00eat\u00e9 n\u00b0 2012-8 du 4 juin 2012 fixant les conditions d&rsquo;application de l&rsquo;Ordonnance Souveraine n\u00b0 3.782 du 16 mai 2012&hellip;\" \/>\n<meta property=\"og:url\" content=\"https:\/\/www.noghesdumonceau.com\/arrete-de-monsieur-le-directeur-des-services-judiciaires-concernant-lorganisation-de-ladministration-penitentiere-et-de-la-detention-monegasque\/\" \/>\n<meta property=\"og:site_name\" content=\"Avocats et Juristes \u00e0 Monaco, Nogh\u00e8s-du Monceau\" \/>\n<meta property=\"article:published_time\" content=\"2020-09-18T14:04:35+00:00\" \/>\n<meta name=\"author\" content=\"Sara Palmer Hussey\" \/>\n<meta name=\"twitter:card\" content=\"summary_large_image\" \/>\n<meta name=\"twitter:label1\" content=\"\u00c9crit par\" \/>\n\t<meta name=\"twitter:data1\" content=\"Sara Palmer Hussey\" \/>\n\t<meta name=\"twitter:label2\" content=\"Dur\u00e9e de lecture estim\u00e9e\" \/>\n\t<meta name=\"twitter:data2\" content=\"1 minute\" \/>\n<script type=\"application\/ld+json\" class=\"yoast-schema-graph\">{\"@context\":\"https:\/\/schema.org\",\"@graph\":[{\"@type\":\"WebPage\",\"@id\":\"https:\/\/www.noghesdumonceau.com\/arrete-de-monsieur-le-directeur-des-services-judiciaires-concernant-lorganisation-de-ladministration-penitentiere-et-de-la-detention-monegasque\/\",\"url\":\"https:\/\/www.noghesdumonceau.com\/arrete-de-monsieur-le-directeur-des-services-judiciaires-concernant-lorganisation-de-ladministration-penitentiere-et-de-la-detention-monegasque\/\",\"name\":\"Arr\u00eat\u00e9 de Monsieur le Directeur des Services Judiciaires concernant l\u2019organisation de l\u2019administration p\u00e9nitenti\u00e8re et de la d\u00e9tention mon\u00e9gasque - Avocats et Juristes \u00e0 Monaco, Nogh\u00e8s-du Monceau\",\"isPartOf\":{\"@id\":\"https:\/\/www.noghesdumonceau.com\/#website\"},\"datePublished\":\"2020-09-18T14:04:35+00:00\",\"dateModified\":\"2020-09-18T14:04:35+00:00\",\"author\":{\"@id\":\"https:\/\/www.noghesdumonceau.com\/#\/schema\/person\/8b5fb246ac46414ee15961bc773c0914\"},\"breadcrumb\":{\"@id\":\"https:\/\/www.noghesdumonceau.com\/arrete-de-monsieur-le-directeur-des-services-judiciaires-concernant-lorganisation-de-ladministration-penitentiere-et-de-la-detention-monegasque\/#breadcrumb\"},\"inLanguage\":\"fr-FR\",\"potentialAction\":[{\"@type\":\"ReadAction\",\"target\":[\"https:\/\/www.noghesdumonceau.com\/arrete-de-monsieur-le-directeur-des-services-judiciaires-concernant-lorganisation-de-ladministration-penitentiere-et-de-la-detention-monegasque\/\"]}]},{\"@type\":\"BreadcrumbList\",\"@id\":\"https:\/\/www.noghesdumonceau.com\/arrete-de-monsieur-le-directeur-des-services-judiciaires-concernant-lorganisation-de-ladministration-penitentiere-et-de-la-detention-monegasque\/#breadcrumb\",\"itemListElement\":[{\"@type\":\"ListItem\",\"position\":1,\"name\":\"Accueil\",\"item\":\"https:\/\/www.noghesdumonceau.com\/\"},{\"@type\":\"ListItem\",\"position\":2,\"name\":\"Arr\u00eat\u00e9 de Monsieur le Directeur des Services Judiciaires concernant l\u2019organisation de l\u2019administration p\u00e9nitenti\u00e8re et de la d\u00e9tention mon\u00e9gasque\"}]},{\"@type\":\"WebSite\",\"@id\":\"https:\/\/www.noghesdumonceau.com\/#website\",\"url\":\"https:\/\/www.noghesdumonceau.com\/\",\"name\":\"Nogh\u00e8s-du-Monceau Law Firm Monaco\",\"description\":\"Nogh\u00e8s-du-Monceau Law Firm Monaco\",\"potentialAction\":[{\"@type\":\"SearchAction\",\"target\":{\"@type\":\"EntryPoint\",\"urlTemplate\":\"https:\/\/www.noghesdumonceau.com\/?s={search_term_string}\"},\"query-input\":\"required name=search_term_string\"}],\"inLanguage\":\"fr-FR\"},{\"@type\":\"Person\",\"@id\":\"https:\/\/www.noghesdumonceau.com\/#\/schema\/person\/8b5fb246ac46414ee15961bc773c0914\",\"name\":\"Sara Palmer Hussey\",\"image\":{\"@type\":\"ImageObject\",\"inLanguage\":\"fr-FR\",\"@id\":\"https:\/\/www.noghesdumonceau.com\/#\/schema\/person\/image\/\",\"url\":\"https:\/\/secure.gravatar.com\/avatar\/45bb6642b29b7ac5f4c835bba150445b?s=96&d=mm&r=g\",\"contentUrl\":\"https:\/\/secure.gravatar.com\/avatar\/45bb6642b29b7ac5f4c835bba150445b?s=96&d=mm&r=g\",\"caption\":\"Sara Palmer Hussey\"}}]}<\/script>\n<!-- \/ Yoast SEO plugin. -->","yoast_head_json":{"title":"Arr\u00eat\u00e9 de Monsieur le Directeur des Services Judiciaires concernant l\u2019organisation de l\u2019administration p\u00e9nitenti\u00e8re et de la d\u00e9tention mon\u00e9gasque - Avocats et Juristes \u00e0 Monaco, Nogh\u00e8s-du Monceau","robots":{"index":"index","follow":"follow","max-snippet":"max-snippet:-1","max-image-preview":"max-image-preview:large","max-video-preview":"max-video-preview:-1"},"canonical":"https:\/\/www.noghesdumonceau.com\/arrete-de-monsieur-le-directeur-des-services-judiciaires-concernant-lorganisation-de-ladministration-penitentiere-et-de-la-detention-monegasque\/","og_locale":"fr_FR","og_type":"article","og_title":"Arr\u00eat\u00e9 de Monsieur le Directeur des Services Judiciaires concernant l\u2019organisation de l\u2019administration p\u00e9nitenti\u00e8re et de la d\u00e9tention mon\u00e9gasque - Avocats et Juristes \u00e0 Monaco, Nogh\u00e8s-du Monceau","og_description":"Arr\u00eat\u00e9 du Secr\u00e9taire d&rsquo;\u00c9tat \u00e0 la Justice, Directeur des Services Judiciaires n\u00b0 2020-20 du 9 septembre 2020 portant modification de l&rsquo;arr\u00eat\u00e9 n\u00b0 2012-8 du 4 juin 2012 fixant les conditions d&rsquo;application de l&rsquo;Ordonnance Souveraine n\u00b0 3.782 du 16 mai 2012&hellip;","og_url":"https:\/\/www.noghesdumonceau.com\/arrete-de-monsieur-le-directeur-des-services-judiciaires-concernant-lorganisation-de-ladministration-penitentiere-et-de-la-detention-monegasque\/","og_site_name":"Avocats et Juristes \u00e0 Monaco, Nogh\u00e8s-du Monceau","article_published_time":"2020-09-18T14:04:35+00:00","author":"Sara Palmer Hussey","twitter_card":"summary_large_image","twitter_misc":{"\u00c9crit par":"Sara Palmer Hussey","Dur\u00e9e de lecture estim\u00e9e":"1 minute"},"schema":{"@context":"https:\/\/schema.org","@graph":[{"@type":"WebPage","@id":"https:\/\/www.noghesdumonceau.com\/arrete-de-monsieur-le-directeur-des-services-judiciaires-concernant-lorganisation-de-ladministration-penitentiere-et-de-la-detention-monegasque\/","url":"https:\/\/www.noghesdumonceau.com\/arrete-de-monsieur-le-directeur-des-services-judiciaires-concernant-lorganisation-de-ladministration-penitentiere-et-de-la-detention-monegasque\/","name":"Arr\u00eat\u00e9 de Monsieur le Directeur des Services Judiciaires concernant l\u2019organisation de l\u2019administration p\u00e9nitenti\u00e8re et de la d\u00e9tention mon\u00e9gasque - Avocats et Juristes \u00e0 Monaco, Nogh\u00e8s-du Monceau","isPartOf":{"@id":"https:\/\/www.noghesdumonceau.com\/#website"},"datePublished":"2020-09-18T14:04:35+00:00","dateModified":"2020-09-18T14:04:35+00:00","author":{"@id":"https:\/\/www.noghesdumonceau.com\/#\/schema\/person\/8b5fb246ac46414ee15961bc773c0914"},"breadcrumb":{"@id":"https:\/\/www.noghesdumonceau.com\/arrete-de-monsieur-le-directeur-des-services-judiciaires-concernant-lorganisation-de-ladministration-penitentiere-et-de-la-detention-monegasque\/#breadcrumb"},"inLanguage":"fr-FR","potentialAction":[{"@type":"ReadAction","target":["https:\/\/www.noghesdumonceau.com\/arrete-de-monsieur-le-directeur-des-services-judiciaires-concernant-lorganisation-de-ladministration-penitentiere-et-de-la-detention-monegasque\/"]}]},{"@type":"BreadcrumbList","@id":"https:\/\/www.noghesdumonceau.com\/arrete-de-monsieur-le-directeur-des-services-judiciaires-concernant-lorganisation-de-ladministration-penitentiere-et-de-la-detention-monegasque\/#breadcrumb","itemListElement":[{"@type":"ListItem","position":1,"name":"Accueil","item":"https:\/\/www.noghesdumonceau.com\/"},{"@type":"ListItem","position":2,"name":"Arr\u00eat\u00e9 de Monsieur le Directeur des Services Judiciaires concernant l\u2019organisation de l\u2019administration p\u00e9nitenti\u00e8re et de la d\u00e9tention mon\u00e9gasque"}]},{"@type":"WebSite","@id":"https:\/\/www.noghesdumonceau.com\/#website","url":"https:\/\/www.noghesdumonceau.com\/","name":"Nogh\u00e8s-du-Monceau Law Firm Monaco","description":"Nogh\u00e8s-du-Monceau Law Firm Monaco","potentialAction":[{"@type":"SearchAction","target":{"@type":"EntryPoint","urlTemplate":"https:\/\/www.noghesdumonceau.com\/?s={search_term_string}"},"query-input":"required name=search_term_string"}],"inLanguage":"fr-FR"},{"@type":"Person","@id":"https:\/\/www.noghesdumonceau.com\/#\/schema\/person\/8b5fb246ac46414ee15961bc773c0914","name":"Sara Palmer Hussey","image":{"@type":"ImageObject","inLanguage":"fr-FR","@id":"https:\/\/www.noghesdumonceau.com\/#\/schema\/person\/image\/","url":"https:\/\/secure.gravatar.com\/avatar\/45bb6642b29b7ac5f4c835bba150445b?s=96&d=mm&r=g","contentUrl":"https:\/\/secure.gravatar.com\/avatar\/45bb6642b29b7ac5f4c835bba150445b?s=96&d=mm&r=g","caption":"Sara Palmer Hussey"}}]}},"_links":{"self":[{"href":"https:\/\/www.noghesdumonceau.com\/rest\/wp\/v2\/posts\/6792"}],"collection":[{"href":"https:\/\/www.noghesdumonceau.com\/rest\/wp\/v2\/posts"}],"about":[{"href":"https:\/\/www.noghesdumonceau.com\/rest\/wp\/v2\/types\/post"}],"author":[{"embeddable":true,"href":"https:\/\/www.noghesdumonceau.com\/rest\/wp\/v2\/users\/11"}],"replies":[{"embeddable":true,"href":"https:\/\/www.noghesdumonceau.com\/rest\/wp\/v2\/comments?post=6792"}],"version-history":[{"count":1,"href":"https:\/\/www.noghesdumonceau.com\/rest\/wp\/v2\/posts\/6792\/revisions"}],"predecessor-version":[{"id":6793,"href":"https:\/\/www.noghesdumonceau.com\/rest\/wp\/v2\/posts\/6792\/revisions\/6793"}],"wp:attachment":[{"href":"https:\/\/www.noghesdumonceau.com\/rest\/wp\/v2\/media?parent=6792"}],"wp:term":[{"taxonomy":"category","embeddable":true,"href":"https:\/\/www.noghesdumonceau.com\/rest\/wp\/v2\/categories?post=6792"},{"taxonomy":"post_tag","embeddable":true,"href":"https:\/\/www.noghesdumonceau.com\/rest\/wp\/v2\/tags?post=6792"},{"taxonomy":"post_series","embeddable":true,"href":"https:\/\/www.noghesdumonceau.com\/rest\/wp\/v2\/post_series?post=6792"}],"curies":[{"name":"wp","href":"https:\/\/api.w.org\/{rel}","templated":true}]}}