{"id":6789,"date":"2020-09-18T14:54:18","date_gmt":"2020-09-18T13:54:18","guid":{"rendered":"https:\/\/www.noghesdumonceau.com\/?p=6789"},"modified":"2020-09-18T14:54:18","modified_gmt":"2020-09-18T13:54:18","slug":"decision-on-the-wearing-of-masks-in-certain-areas-of-the-principality-of-monaco","status":"publish","type":"post","link":"https:\/\/www.noghesdumonceau.com\/en\/decision-on-the-wearing-of-masks-in-certain-areas-of-the-principality-of-monaco\/","title":{"rendered":"Decision on the wearing of masks in certain areas of the Principality of Monaco"},"content":{"rendered":"<p>Ministerial Decision of 8th September 2020 amending the Ministerial Decision of 10th August 2020 on the compulsory wearing of masks in certain areas of the territory, taken pursuant to Article 65 of Sovereign Order 6.387 of 9 May 2017 on the implementation of the International Health Regulations (2005) with a view to combating the international spread of diseases.<\/p>\n<p>In view of the health situation, the wearing of masks is compulsory in the following outdoor areas:<br \/>\n&#8211; the square of the Prince&rsquo;s Palace ;<br \/>\n&#8211; the alleys of the old town of Le Rocher ;<br \/>\n&#8211; the Casino square;<br \/>\n&#8211; the esplanade of the Fontvieille Shopping Centre;<br \/>\n&#8211; the surroundings and access areas of schools;<br \/>\n&#8211; public transport access areas, in particular bus stops and the train station service roads: All\u00e9e Lazare Sauvaigo, Promenade Honor\u00e9 II and Pont Sainte-D\u00e9vote;<br \/>\n&#8211; the areas adjacent to the Place du Casino which form the Carr\u00e9 d&rsquo;Or and in particular Monte-Carlo One, the gardens on Avenue des Sp\u00e9lugues and the Boulingrins gardens;<br \/>\n&#8211; the Condamine and Monte-Carlo markets during their hours of operation.<br \/>\nHowever, this obligation does not apply to children under the age of five.<\/p>\n<p><a href=\"https:\/\/journaldemonaco.gouv.mc\/Journaux\/2020\/Journal-8503\/Decision-Ministerielle-du-8-septembre-2020-modifiant-la-Decision-Ministerielle-du-10-aout-2020-relative-au-port-du-masque-obligatoire-dans-certaines-zones-du-territoire-prise-en-application-de-l-article-65-de-l-Ordonnance-Souveraine-n-6.387-du-9-mai-201\">https:\/\/journaldemonaco.gouv.mc\/Journaux\/2020\/Journal-8503\/Decision-Ministerielle-du-8-septembre-2020-modifiant-la-Decision-Ministerielle-du-10-aout-2020-relative-au-port-du-masque-obligatoire-dans-certaines-zones-du-territoire-prise-en-application-de-l-article-65-de-l-Ordonnance-Souveraine-n-6.387-du-9-mai-201<\/a><\/p>\n","protected":false},"excerpt":{"rendered":"<p>Ministerial Decision of 8th September 2020 amending the Ministerial Decision of 10th August 2020 on the compulsory wearing of masks in certain areas of the territory, taken pursuant to Article 65 of Sovereign Order 6.387 of 9 May 2017 on&hellip;<\/p>\n","protected":false},"author":11,"featured_media":0,"comment_status":"closed","ping_status":"open","sticky":false,"template":"","format":"standard","meta":{"footnotes":""},"categories":[11],"tags":[],"post_series":[],"yoast_head":"<!-- This site is optimized with the Yoast SEO plugin v21.2 - https:\/\/yoast.com\/wordpress\/plugins\/seo\/ -->\n<title>Decision on the wearing of masks in certain areas of the Principality of Monaco - Avocats et Juristes \u00e0 Monaco, Nogh\u00e8s-du Monceau<\/title>\n<meta name=\"robots\" content=\"index, follow, max-snippet:-1, max-image-preview:large, max-video-preview:-1\" \/>\n<link rel=\"canonical\" href=\"https:\/\/www.noghesdumonceau.com\/decision-on-the-wearing-of-masks-in-certain-areas-of-the-principality-of-monaco\/\" \/>\n<meta property=\"og:locale\" content=\"fr_FR\" \/>\n<meta property=\"og:type\" content=\"article\" \/>\n<meta property=\"og:title\" content=\"Decision on the wearing of masks in certain areas of the Principality of Monaco - Avocats et Juristes \u00e0 Monaco, Nogh\u00e8s-du Monceau\" \/>\n<meta property=\"og:description\" content=\"Ministerial Decision of 8th September 2020 amending the Ministerial Decision of 10th August 2020 on the compulsory wearing of masks in certain areas of the territory, taken pursuant to Article 65 of Sovereign Order 6.387 of 9 May 2017 on&hellip;\" \/>\n<meta property=\"og:url\" content=\"https:\/\/www.noghesdumonceau.com\/en\/decision-on-the-wearing-of-masks-in-certain-areas-of-the-principality-of-monaco\/\" \/>\n<meta property=\"og:site_name\" content=\"Avocats et Juristes \u00e0 Monaco, Nogh\u00e8s-du Monceau\" \/>\n<meta property=\"article:published_time\" content=\"2020-09-18T13:54:18+00:00\" \/>\n<meta name=\"author\" content=\"Sara Palmer Hussey\" \/>\n<meta name=\"twitter:card\" content=\"summary_large_image\" \/>\n<meta name=\"twitter:label1\" content=\"\u00c9crit par\" \/>\n\t<meta name=\"twitter:data1\" content=\"Sara Palmer Hussey\" \/>\n\t<meta name=\"twitter:label2\" content=\"Dur\u00e9e de lecture estim\u00e9e\" \/>\n\t<meta name=\"twitter:data2\" content=\"1 minute\" \/>\n<script type=\"application\/ld+json\" class=\"yoast-schema-graph\">{\"@context\":\"https:\/\/schema.org\",\"@graph\":[{\"@type\":\"WebPage\",\"@id\":\"https:\/\/www.noghesdumonceau.com\/en\/decision-on-the-wearing-of-masks-in-certain-areas-of-the-principality-of-monaco\/\",\"url\":\"https:\/\/www.noghesdumonceau.com\/en\/decision-on-the-wearing-of-masks-in-certain-areas-of-the-principality-of-monaco\/\",\"name\":\"Decision on the wearing of masks in certain areas of the Principality of Monaco - Avocats et Juristes \u00e0 Monaco, Nogh\u00e8s-du Monceau\",\"isPartOf\":{\"@id\":\"https:\/\/www.noghesdumonceau.com\/#website\"},\"datePublished\":\"2020-09-18T13:54:18+00:00\",\"dateModified\":\"2020-09-18T13:54:18+00:00\",\"author\":{\"@id\":\"https:\/\/www.noghesdumonceau.com\/#\/schema\/person\/8b5fb246ac46414ee15961bc773c0914\"},\"breadcrumb\":{\"@id\":\"https:\/\/www.noghesdumonceau.com\/en\/decision-on-the-wearing-of-masks-in-certain-areas-of-the-principality-of-monaco\/#breadcrumb\"},\"inLanguage\":\"fr-FR\",\"potentialAction\":[{\"@type\":\"ReadAction\",\"target\":[\"https:\/\/www.noghesdumonceau.com\/en\/decision-on-the-wearing-of-masks-in-certain-areas-of-the-principality-of-monaco\/\"]}]},{\"@type\":\"BreadcrumbList\",\"@id\":\"https:\/\/www.noghesdumonceau.com\/en\/decision-on-the-wearing-of-masks-in-certain-areas-of-the-principality-of-monaco\/#breadcrumb\",\"itemListElement\":[{\"@type\":\"ListItem\",\"position\":1,\"name\":\"Accueil\",\"item\":\"https:\/\/www.noghesdumonceau.com\/\"},{\"@type\":\"ListItem\",\"position\":2,\"name\":\"Decision on the wearing of masks in certain areas of the Principality of Monaco\"}]},{\"@type\":\"WebSite\",\"@id\":\"https:\/\/www.noghesdumonceau.com\/#website\",\"url\":\"https:\/\/www.noghesdumonceau.com\/\",\"name\":\"Nogh\u00e8s-du-Monceau Law Firm Monaco\",\"description\":\"Nogh\u00e8s-du-Monceau Law Firm Monaco\",\"potentialAction\":[{\"@type\":\"SearchAction\",\"target\":{\"@type\":\"EntryPoint\",\"urlTemplate\":\"https:\/\/www.noghesdumonceau.com\/?s={search_term_string}\"},\"query-input\":\"required name=search_term_string\"}],\"inLanguage\":\"fr-FR\"},{\"@type\":\"Person\",\"@id\":\"https:\/\/www.noghesdumonceau.com\/#\/schema\/person\/8b5fb246ac46414ee15961bc773c0914\",\"name\":\"Sara Palmer Hussey\",\"image\":{\"@type\":\"ImageObject\",\"inLanguage\":\"fr-FR\",\"@id\":\"https:\/\/www.noghesdumonceau.com\/#\/schema\/person\/image\/\",\"url\":\"https:\/\/secure.gravatar.com\/avatar\/45bb6642b29b7ac5f4c835bba150445b?s=96&d=mm&r=g\",\"contentUrl\":\"https:\/\/secure.gravatar.com\/avatar\/45bb6642b29b7ac5f4c835bba150445b?s=96&d=mm&r=g\",\"caption\":\"Sara Palmer Hussey\"}}]}<\/script>\n<!-- \/ Yoast SEO plugin. -->","yoast_head_json":{"title":"Decision on the wearing of masks in certain areas of the Principality of Monaco - Avocats et Juristes \u00e0 Monaco, Nogh\u00e8s-du Monceau","robots":{"index":"index","follow":"follow","max-snippet":"max-snippet:-1","max-image-preview":"max-image-preview:large","max-video-preview":"max-video-preview:-1"},"canonical":"https:\/\/www.noghesdumonceau.com\/decision-on-the-wearing-of-masks-in-certain-areas-of-the-principality-of-monaco\/","og_locale":"fr_FR","og_type":"article","og_title":"Decision on the wearing of masks in certain areas of the Principality of Monaco - Avocats et Juristes \u00e0 Monaco, Nogh\u00e8s-du Monceau","og_description":"Ministerial Decision of 8th September 2020 amending the Ministerial Decision of 10th August 2020 on the compulsory wearing of masks in certain areas of the territory, taken pursuant to Article 65 of Sovereign Order 6.387 of 9 May 2017 on&hellip;","og_url":"https:\/\/www.noghesdumonceau.com\/en\/decision-on-the-wearing-of-masks-in-certain-areas-of-the-principality-of-monaco\/","og_site_name":"Avocats et Juristes \u00e0 Monaco, Nogh\u00e8s-du Monceau","article_published_time":"2020-09-18T13:54:18+00:00","author":"Sara Palmer Hussey","twitter_card":"summary_large_image","twitter_misc":{"\u00c9crit par":"Sara Palmer Hussey","Dur\u00e9e de lecture estim\u00e9e":"1 minute"},"schema":{"@context":"https:\/\/schema.org","@graph":[{"@type":"WebPage","@id":"https:\/\/www.noghesdumonceau.com\/en\/decision-on-the-wearing-of-masks-in-certain-areas-of-the-principality-of-monaco\/","url":"https:\/\/www.noghesdumonceau.com\/en\/decision-on-the-wearing-of-masks-in-certain-areas-of-the-principality-of-monaco\/","name":"Decision on the wearing of masks in certain areas of the Principality of Monaco - Avocats et Juristes \u00e0 Monaco, Nogh\u00e8s-du Monceau","isPartOf":{"@id":"https:\/\/www.noghesdumonceau.com\/#website"},"datePublished":"2020-09-18T13:54:18+00:00","dateModified":"2020-09-18T13:54:18+00:00","author":{"@id":"https:\/\/www.noghesdumonceau.com\/#\/schema\/person\/8b5fb246ac46414ee15961bc773c0914"},"breadcrumb":{"@id":"https:\/\/www.noghesdumonceau.com\/en\/decision-on-the-wearing-of-masks-in-certain-areas-of-the-principality-of-monaco\/#breadcrumb"},"inLanguage":"fr-FR","potentialAction":[{"@type":"ReadAction","target":["https:\/\/www.noghesdumonceau.com\/en\/decision-on-the-wearing-of-masks-in-certain-areas-of-the-principality-of-monaco\/"]}]},{"@type":"BreadcrumbList","@id":"https:\/\/www.noghesdumonceau.com\/en\/decision-on-the-wearing-of-masks-in-certain-areas-of-the-principality-of-monaco\/#breadcrumb","itemListElement":[{"@type":"ListItem","position":1,"name":"Accueil","item":"https:\/\/www.noghesdumonceau.com\/"},{"@type":"ListItem","position":2,"name":"Decision on the wearing of masks in certain areas of the Principality of Monaco"}]},{"@type":"WebSite","@id":"https:\/\/www.noghesdumonceau.com\/#website","url":"https:\/\/www.noghesdumonceau.com\/","name":"Nogh\u00e8s-du-Monceau Law Firm Monaco","description":"Nogh\u00e8s-du-Monceau Law Firm Monaco","potentialAction":[{"@type":"SearchAction","target":{"@type":"EntryPoint","urlTemplate":"https:\/\/www.noghesdumonceau.com\/?s={search_term_string}"},"query-input":"required name=search_term_string"}],"inLanguage":"fr-FR"},{"@type":"Person","@id":"https:\/\/www.noghesdumonceau.com\/#\/schema\/person\/8b5fb246ac46414ee15961bc773c0914","name":"Sara Palmer Hussey","image":{"@type":"ImageObject","inLanguage":"fr-FR","@id":"https:\/\/www.noghesdumonceau.com\/#\/schema\/person\/image\/","url":"https:\/\/secure.gravatar.com\/avatar\/45bb6642b29b7ac5f4c835bba150445b?s=96&d=mm&r=g","contentUrl":"https:\/\/secure.gravatar.com\/avatar\/45bb6642b29b7ac5f4c835bba150445b?s=96&d=mm&r=g","caption":"Sara Palmer Hussey"}}]}},"_links":{"self":[{"href":"https:\/\/www.noghesdumonceau.com\/rest\/wp\/v2\/posts\/6789"}],"collection":[{"href":"https:\/\/www.noghesdumonceau.com\/rest\/wp\/v2\/posts"}],"about":[{"href":"https:\/\/www.noghesdumonceau.com\/rest\/wp\/v2\/types\/post"}],"author":[{"embeddable":true,"href":"https:\/\/www.noghesdumonceau.com\/rest\/wp\/v2\/users\/11"}],"replies":[{"embeddable":true,"href":"https:\/\/www.noghesdumonceau.com\/rest\/wp\/v2\/comments?post=6789"}],"version-history":[{"count":1,"href":"https:\/\/www.noghesdumonceau.com\/rest\/wp\/v2\/posts\/6789\/revisions"}],"predecessor-version":[{"id":6790,"href":"https:\/\/www.noghesdumonceau.com\/rest\/wp\/v2\/posts\/6789\/revisions\/6790"}],"wp:attachment":[{"href":"https:\/\/www.noghesdumonceau.com\/rest\/wp\/v2\/media?parent=6789"}],"wp:term":[{"taxonomy":"category","embeddable":true,"href":"https:\/\/www.noghesdumonceau.com\/rest\/wp\/v2\/categories?post=6789"},{"taxonomy":"post_tag","embeddable":true,"href":"https:\/\/www.noghesdumonceau.com\/rest\/wp\/v2\/tags?post=6789"},{"taxonomy":"post_series","embeddable":true,"href":"https:\/\/www.noghesdumonceau.com\/rest\/wp\/v2\/post_series?post=6789"}],"curies":[{"name":"wp","href":"https:\/\/api.w.org\/{rel}","templated":true}]}}