{"id":6787,"date":"2020-09-18T14:47:49","date_gmt":"2020-09-18T13:47:49","guid":{"rendered":"https:\/\/www.noghesdumonceau.com\/?p=6787"},"modified":"2020-09-18T14:47:49","modified_gmt":"2020-09-18T13:47:49","slug":"decision-relative-au-port-du-masque-dans-certaines-zones-de-la-principaute-de-monaco","status":"publish","type":"post","link":"https:\/\/www.noghesdumonceau.com\/decision-relative-au-port-du-masque-dans-certaines-zones-de-la-principaute-de-monaco\/","title":{"rendered":"D\u00e9cision relative au port du masque dans certaines zones de la Principaut\u00e9 de Monaco"},"content":{"rendered":"<p>D\u00e9cision Minist\u00e9rielle du 8 septembre 2020 modifiant la D\u00e9cision Minist\u00e9rielle du 10\u00a0ao\u00fbt 2020 relative au port du masque obligatoire dans certaines zones du territoire, prise en application de l&rsquo;article\u00a065 de l&rsquo;Ordonnance Souveraine n\u00b0\u00a06.387 du 9\u00a0mai 2017 relative \u00e0 la mise en \u0153uvre du R\u00e8glement Sanitaire International (2005) en vue de lutter contre la propagation internationale des maladies.<\/p>\n<p>Eu \u00e9gard \u00e0 la situation sanitaire, le port du masque est obligatoire dans les zones ext\u00e9rieures suivantes\u00a0:<br \/>\n&#8211;\u00a0la place du Palais Princier\u00a0;<br \/>\n&#8211; les ruelles de la vieille ville du Rocher\u00a0;<br \/>\n&#8211;\u00a0la place du Casino\u00a0;<br \/>\n&#8211; l&rsquo;esplanade du Centre Commercial de Fontvieille\u00a0;<br \/>\n&#8211; les abords et espaces d&rsquo;acc\u00e8s aux \u00e9tablissements scolaires\u00a0;<br \/>\n&#8211; les espaces d&rsquo;acc\u00e8s aux transports en commun et notamment les arr\u00eats de bus et les voies de desserte de la gare ferroviaire\u00a0: All\u00e9e Lazare Sauvaigo, Promenade Honor\u00e9 II et pont Sainte-D\u00e9vote\u00a0;<br \/>\n&#8211; les espaces voisins de la place du Casino qui forment le Carr\u00e9 d&rsquo;or et notamment Monte-Carlo One, les jardins avenue des Sp\u00e9lugues et les jardins des Boulingrins\u00a0;<br \/>\n&#8211;\u00a0les march\u00e9s de la Condamine et de Monte-Carlo durant leurs heures de fonctionnement.<br \/>\nToutefois cette obligation ne s&rsquo;applique pas aux enfants de moins de cinq ans.<\/p>\n<p><a href=\"https:\/\/journaldemonaco.gouv.mc\/Journaux\/2020\/Journal-8503\/Decision-Ministerielle-du-8-septembre-2020-modifiant-la-Decision-Ministerielle-du-10-aout-2020-relative-au-port-du-masque-obligatoire-dans-certaines-zones-du-territoire-prise-en-application-de-l-article-65-de-l-Ordonnance-Souveraine-n-6.387-du-9-mai-201\">https:\/\/journaldemonaco.gouv.mc\/Journaux\/2020\/Journal-8503\/Decision-Ministerielle-du-8-septembre-2020-modifiant-la-Decision-Ministerielle-du-10-aout-2020-relative-au-port-du-masque-obligatoire-dans-certaines-zones-du-territoire-prise-en-application-de-l-article-65-de-l-Ordonnance-Souveraine-n-6.387-du-9-mai-201<\/a><\/p>\n","protected":false},"excerpt":{"rendered":"<p>D\u00e9cision Minist\u00e9rielle du 8 septembre 2020 modifiant la D\u00e9cision Minist\u00e9rielle du 10\u00a0ao\u00fbt 2020 relative au port du masque obligatoire dans certaines zones du territoire, prise en application de l&rsquo;article\u00a065 de l&rsquo;Ordonnance Souveraine n\u00b0\u00a06.387 du 9\u00a0mai 2017 relative \u00e0 la mise&hellip;<\/p>\n","protected":false},"author":11,"featured_media":0,"comment_status":"closed","ping_status":"open","sticky":false,"template":"","format":"standard","meta":{"footnotes":""},"categories":[1],"tags":[],"post_series":[],"yoast_head":"<!-- This site is optimized with the Yoast SEO plugin v21.2 - https:\/\/yoast.com\/wordpress\/plugins\/seo\/ -->\n<title>D\u00e9cision relative au port du masque dans certaines zones de la Principaut\u00e9 de Monaco - Avocats et Juristes \u00e0 Monaco, Nogh\u00e8s-du Monceau<\/title>\n<meta name=\"robots\" content=\"index, follow, max-snippet:-1, max-image-preview:large, max-video-preview:-1\" \/>\n<link rel=\"canonical\" href=\"https:\/\/www.noghesdumonceau.com\/decision-relative-au-port-du-masque-dans-certaines-zones-de-la-principaute-de-monaco\/\" \/>\n<meta property=\"og:locale\" content=\"fr_FR\" \/>\n<meta property=\"og:type\" content=\"article\" \/>\n<meta property=\"og:title\" content=\"D\u00e9cision relative au port du masque dans certaines zones de la Principaut\u00e9 de Monaco - Avocats et Juristes \u00e0 Monaco, Nogh\u00e8s-du Monceau\" \/>\n<meta property=\"og:description\" content=\"D\u00e9cision Minist\u00e9rielle du 8 septembre 2020 modifiant la D\u00e9cision Minist\u00e9rielle du 10\u00a0ao\u00fbt 2020 relative au port du masque obligatoire dans certaines zones du territoire, prise en application de l&rsquo;article\u00a065 de l&rsquo;Ordonnance Souveraine n\u00b0\u00a06.387 du 9\u00a0mai 2017 relative \u00e0 la mise&hellip;\" \/>\n<meta property=\"og:url\" content=\"https:\/\/www.noghesdumonceau.com\/decision-relative-au-port-du-masque-dans-certaines-zones-de-la-principaute-de-monaco\/\" \/>\n<meta property=\"og:site_name\" content=\"Avocats et Juristes \u00e0 Monaco, Nogh\u00e8s-du Monceau\" \/>\n<meta property=\"article:published_time\" content=\"2020-09-18T13:47:49+00:00\" \/>\n<meta name=\"author\" content=\"Sara Palmer Hussey\" \/>\n<meta name=\"twitter:card\" content=\"summary_large_image\" \/>\n<meta name=\"twitter:label1\" content=\"\u00c9crit par\" \/>\n\t<meta name=\"twitter:data1\" content=\"Sara Palmer Hussey\" \/>\n\t<meta name=\"twitter:label2\" content=\"Dur\u00e9e de lecture estim\u00e9e\" \/>\n\t<meta name=\"twitter:data2\" content=\"1 minute\" \/>\n<script type=\"application\/ld+json\" class=\"yoast-schema-graph\">{\"@context\":\"https:\/\/schema.org\",\"@graph\":[{\"@type\":\"WebPage\",\"@id\":\"https:\/\/www.noghesdumonceau.com\/decision-relative-au-port-du-masque-dans-certaines-zones-de-la-principaute-de-monaco\/\",\"url\":\"https:\/\/www.noghesdumonceau.com\/decision-relative-au-port-du-masque-dans-certaines-zones-de-la-principaute-de-monaco\/\",\"name\":\"D\u00e9cision relative au port du masque dans certaines zones de la Principaut\u00e9 de Monaco - Avocats et Juristes \u00e0 Monaco, Nogh\u00e8s-du Monceau\",\"isPartOf\":{\"@id\":\"https:\/\/www.noghesdumonceau.com\/#website\"},\"datePublished\":\"2020-09-18T13:47:49+00:00\",\"dateModified\":\"2020-09-18T13:47:49+00:00\",\"author\":{\"@id\":\"https:\/\/www.noghesdumonceau.com\/#\/schema\/person\/8b5fb246ac46414ee15961bc773c0914\"},\"breadcrumb\":{\"@id\":\"https:\/\/www.noghesdumonceau.com\/decision-relative-au-port-du-masque-dans-certaines-zones-de-la-principaute-de-monaco\/#breadcrumb\"},\"inLanguage\":\"fr-FR\",\"potentialAction\":[{\"@type\":\"ReadAction\",\"target\":[\"https:\/\/www.noghesdumonceau.com\/decision-relative-au-port-du-masque-dans-certaines-zones-de-la-principaute-de-monaco\/\"]}]},{\"@type\":\"BreadcrumbList\",\"@id\":\"https:\/\/www.noghesdumonceau.com\/decision-relative-au-port-du-masque-dans-certaines-zones-de-la-principaute-de-monaco\/#breadcrumb\",\"itemListElement\":[{\"@type\":\"ListItem\",\"position\":1,\"name\":\"Accueil\",\"item\":\"https:\/\/www.noghesdumonceau.com\/\"},{\"@type\":\"ListItem\",\"position\":2,\"name\":\"D\u00e9cision relative au port du masque dans certaines zones de la Principaut\u00e9 de Monaco\"}]},{\"@type\":\"WebSite\",\"@id\":\"https:\/\/www.noghesdumonceau.com\/#website\",\"url\":\"https:\/\/www.noghesdumonceau.com\/\",\"name\":\"Nogh\u00e8s-du-Monceau Law Firm Monaco\",\"description\":\"Nogh\u00e8s-du-Monceau Law Firm Monaco\",\"potentialAction\":[{\"@type\":\"SearchAction\",\"target\":{\"@type\":\"EntryPoint\",\"urlTemplate\":\"https:\/\/www.noghesdumonceau.com\/?s={search_term_string}\"},\"query-input\":\"required name=search_term_string\"}],\"inLanguage\":\"fr-FR\"},{\"@type\":\"Person\",\"@id\":\"https:\/\/www.noghesdumonceau.com\/#\/schema\/person\/8b5fb246ac46414ee15961bc773c0914\",\"name\":\"Sara Palmer Hussey\",\"image\":{\"@type\":\"ImageObject\",\"inLanguage\":\"fr-FR\",\"@id\":\"https:\/\/www.noghesdumonceau.com\/#\/schema\/person\/image\/\",\"url\":\"https:\/\/secure.gravatar.com\/avatar\/45bb6642b29b7ac5f4c835bba150445b?s=96&d=mm&r=g\",\"contentUrl\":\"https:\/\/secure.gravatar.com\/avatar\/45bb6642b29b7ac5f4c835bba150445b?s=96&d=mm&r=g\",\"caption\":\"Sara Palmer Hussey\"}}]}<\/script>\n<!-- \/ Yoast SEO plugin. -->","yoast_head_json":{"title":"D\u00e9cision relative au port du masque dans certaines zones de la Principaut\u00e9 de Monaco - Avocats et Juristes \u00e0 Monaco, Nogh\u00e8s-du Monceau","robots":{"index":"index","follow":"follow","max-snippet":"max-snippet:-1","max-image-preview":"max-image-preview:large","max-video-preview":"max-video-preview:-1"},"canonical":"https:\/\/www.noghesdumonceau.com\/decision-relative-au-port-du-masque-dans-certaines-zones-de-la-principaute-de-monaco\/","og_locale":"fr_FR","og_type":"article","og_title":"D\u00e9cision relative au port du masque dans certaines zones de la Principaut\u00e9 de Monaco - Avocats et Juristes \u00e0 Monaco, Nogh\u00e8s-du Monceau","og_description":"D\u00e9cision Minist\u00e9rielle du 8 septembre 2020 modifiant la D\u00e9cision Minist\u00e9rielle du 10\u00a0ao\u00fbt 2020 relative au port du masque obligatoire dans certaines zones du territoire, prise en application de l&rsquo;article\u00a065 de l&rsquo;Ordonnance Souveraine n\u00b0\u00a06.387 du 9\u00a0mai 2017 relative \u00e0 la mise&hellip;","og_url":"https:\/\/www.noghesdumonceau.com\/decision-relative-au-port-du-masque-dans-certaines-zones-de-la-principaute-de-monaco\/","og_site_name":"Avocats et Juristes \u00e0 Monaco, Nogh\u00e8s-du Monceau","article_published_time":"2020-09-18T13:47:49+00:00","author":"Sara Palmer Hussey","twitter_card":"summary_large_image","twitter_misc":{"\u00c9crit par":"Sara Palmer Hussey","Dur\u00e9e de lecture estim\u00e9e":"1 minute"},"schema":{"@context":"https:\/\/schema.org","@graph":[{"@type":"WebPage","@id":"https:\/\/www.noghesdumonceau.com\/decision-relative-au-port-du-masque-dans-certaines-zones-de-la-principaute-de-monaco\/","url":"https:\/\/www.noghesdumonceau.com\/decision-relative-au-port-du-masque-dans-certaines-zones-de-la-principaute-de-monaco\/","name":"D\u00e9cision relative au port du masque dans certaines zones de la Principaut\u00e9 de Monaco - Avocats et Juristes \u00e0 Monaco, Nogh\u00e8s-du Monceau","isPartOf":{"@id":"https:\/\/www.noghesdumonceau.com\/#website"},"datePublished":"2020-09-18T13:47:49+00:00","dateModified":"2020-09-18T13:47:49+00:00","author":{"@id":"https:\/\/www.noghesdumonceau.com\/#\/schema\/person\/8b5fb246ac46414ee15961bc773c0914"},"breadcrumb":{"@id":"https:\/\/www.noghesdumonceau.com\/decision-relative-au-port-du-masque-dans-certaines-zones-de-la-principaute-de-monaco\/#breadcrumb"},"inLanguage":"fr-FR","potentialAction":[{"@type":"ReadAction","target":["https:\/\/www.noghesdumonceau.com\/decision-relative-au-port-du-masque-dans-certaines-zones-de-la-principaute-de-monaco\/"]}]},{"@type":"BreadcrumbList","@id":"https:\/\/www.noghesdumonceau.com\/decision-relative-au-port-du-masque-dans-certaines-zones-de-la-principaute-de-monaco\/#breadcrumb","itemListElement":[{"@type":"ListItem","position":1,"name":"Accueil","item":"https:\/\/www.noghesdumonceau.com\/"},{"@type":"ListItem","position":2,"name":"D\u00e9cision relative au port du masque dans certaines zones de la Principaut\u00e9 de Monaco"}]},{"@type":"WebSite","@id":"https:\/\/www.noghesdumonceau.com\/#website","url":"https:\/\/www.noghesdumonceau.com\/","name":"Nogh\u00e8s-du-Monceau Law Firm Monaco","description":"Nogh\u00e8s-du-Monceau Law Firm Monaco","potentialAction":[{"@type":"SearchAction","target":{"@type":"EntryPoint","urlTemplate":"https:\/\/www.noghesdumonceau.com\/?s={search_term_string}"},"query-input":"required name=search_term_string"}],"inLanguage":"fr-FR"},{"@type":"Person","@id":"https:\/\/www.noghesdumonceau.com\/#\/schema\/person\/8b5fb246ac46414ee15961bc773c0914","name":"Sara Palmer Hussey","image":{"@type":"ImageObject","inLanguage":"fr-FR","@id":"https:\/\/www.noghesdumonceau.com\/#\/schema\/person\/image\/","url":"https:\/\/secure.gravatar.com\/avatar\/45bb6642b29b7ac5f4c835bba150445b?s=96&d=mm&r=g","contentUrl":"https:\/\/secure.gravatar.com\/avatar\/45bb6642b29b7ac5f4c835bba150445b?s=96&d=mm&r=g","caption":"Sara Palmer Hussey"}}]}},"_links":{"self":[{"href":"https:\/\/www.noghesdumonceau.com\/rest\/wp\/v2\/posts\/6787"}],"collection":[{"href":"https:\/\/www.noghesdumonceau.com\/rest\/wp\/v2\/posts"}],"about":[{"href":"https:\/\/www.noghesdumonceau.com\/rest\/wp\/v2\/types\/post"}],"author":[{"embeddable":true,"href":"https:\/\/www.noghesdumonceau.com\/rest\/wp\/v2\/users\/11"}],"replies":[{"embeddable":true,"href":"https:\/\/www.noghesdumonceau.com\/rest\/wp\/v2\/comments?post=6787"}],"version-history":[{"count":1,"href":"https:\/\/www.noghesdumonceau.com\/rest\/wp\/v2\/posts\/6787\/revisions"}],"predecessor-version":[{"id":6788,"href":"https:\/\/www.noghesdumonceau.com\/rest\/wp\/v2\/posts\/6787\/revisions\/6788"}],"wp:attachment":[{"href":"https:\/\/www.noghesdumonceau.com\/rest\/wp\/v2\/media?parent=6787"}],"wp:term":[{"taxonomy":"category","embeddable":true,"href":"https:\/\/www.noghesdumonceau.com\/rest\/wp\/v2\/categories?post=6787"},{"taxonomy":"post_tag","embeddable":true,"href":"https:\/\/www.noghesdumonceau.com\/rest\/wp\/v2\/tags?post=6787"},{"taxonomy":"post_series","embeddable":true,"href":"https:\/\/www.noghesdumonceau.com\/rest\/wp\/v2\/post_series?post=6787"}],"curies":[{"name":"wp","href":"https:\/\/api.w.org\/{rel}","templated":true}]}}