{"id":6784,"date":"2020-09-18T14:40:10","date_gmt":"2020-09-18T13:40:10","guid":{"rendered":"https:\/\/www.noghesdumonceau.com\/?p=6784"},"modified":"2020-09-18T14:40:10","modified_gmt":"2020-09-18T13:40:10","slug":"decision-establishing-exceptional-measures-to-combat-the-covid-19-epidemic","status":"publish","type":"post","link":"https:\/\/www.noghesdumonceau.com\/en\/decision-establishing-exceptional-measures-to-combat-the-covid-19-epidemic\/","title":{"rendered":"Decision establishing exceptional measures to combat the Covid-19 epidemic"},"content":{"rendered":"<p>Ministerial Decision of 8 September 2020 amending the Ministerial Decision of 28 April 2020 on the introduction of exceptional measures in the context of the gradual resumption of activities to combat the Covid-19 epidemic.<\/p>\n<p>Any gathering of more than 10 people on public roads and spaces is prohibited.<br \/>\nBy way of derogation, events bringing together more than 10 people and respecting a maximum capacity of 5,000 people may be authorised from time to time as part of the organisation of an event or a singular event. However, in exceptional cases, a derogation may be made from this maximum capacity, after an analysis of the risk factors, in particular with regard to the general health situation and the measures implemented by the organiser in order to ensure compliance with the general measures set out in the appendix and to prevent the risks of propagation of the virus specific to the event. The corresponding request for authorisation must be submitted in advance to the competent services of the Administration, accompanied by a complete file including in particular the protocol of the sanitary measures envisaged.<br \/>\nWhatever the reason for travel, it must be carried out in compliance with the general preventive and hygiene measures designed to limit the spread of the virus.<br \/>\nPeople must therefore respect, at all times and in all places, a sanitary distance of one and a half metres (1.5 metres).<br \/>\nThe wearing of masks is compulsory on urban public transport, taxis and large vehicles, it being specified that children under five years of age are not required to wear masks.<br \/>\nMasks must be worn on trains and on the platforms and galleries of the railway station, although children under five years of age are not required to wear masks.<br \/>\nCalls by foreign yachts with a home port outside Monaco are once again possible in the ports of Monaco.<br \/>\nYachts with crew submit a medical declaration of health to the Maritime and Airport Police Division 48 hours before their stopover. All vessels wishing to call at Monaco comply with the health protocol decided by COVID 19.<br \/>\nThe practice of nautical leisure activities is authorised.<\/p>\n<p><a href=\"https:\/\/journaldemonaco.gouv.mc\/Journaux\/2020\/Journal-8503\/Decision-Ministerielle-du-8-septembre-2020-modifiant-la-Decision-Ministerielle-du-28-avril-2020-portant-instauration-de-mesures-exceptionnelles-dans-le-cadre-de-la-reprise-progressive-des-activites-en-vue-de-lutter-contre-l-epidemie-de-COVID-19\">https:\/\/journaldemonaco.gouv.mc\/Journaux\/2020\/Journal-8503\/Decision-Ministerielle-du-8-septembre-2020-modifiant-la-Decision-Ministerielle-du-28-avril-2020-portant-instauration-de-mesures-exceptionnelles-dans-le-cadre-de-la-reprise-progressive-des-activites-en-vue-de-lutter-contre-l-epidemie-de-COVID-19<\/a><\/p>\n","protected":false},"excerpt":{"rendered":"<p>Ministerial Decision of 8 September 2020 amending the Ministerial Decision of 28 April 2020 on the introduction of exceptional measures in the context of the gradual resumption of activities to combat the Covid-19 epidemic. Any gathering of more than 10&hellip;<\/p>\n","protected":false},"author":11,"featured_media":0,"comment_status":"closed","ping_status":"open","sticky":false,"template":"","format":"standard","meta":{"footnotes":""},"categories":[11],"tags":[],"post_series":[],"yoast_head":"<!-- This site is optimized with the Yoast SEO plugin v21.2 - https:\/\/yoast.com\/wordpress\/plugins\/seo\/ -->\n<title>Decision establishing exceptional measures to combat the Covid-19 epidemic - Avocats et Juristes \u00e0 Monaco, Nogh\u00e8s-du Monceau<\/title>\n<meta name=\"robots\" content=\"index, follow, max-snippet:-1, max-image-preview:large, max-video-preview:-1\" \/>\n<link rel=\"canonical\" href=\"https:\/\/www.noghesdumonceau.com\/decision-establishing-exceptional-measures-to-combat-the-covid-19-epidemic\/\" \/>\n<meta property=\"og:locale\" content=\"fr_FR\" \/>\n<meta property=\"og:type\" content=\"article\" \/>\n<meta property=\"og:title\" content=\"Decision establishing exceptional measures to combat the Covid-19 epidemic - Avocats et Juristes \u00e0 Monaco, Nogh\u00e8s-du Monceau\" \/>\n<meta property=\"og:description\" content=\"Ministerial Decision of 8 September 2020 amending the Ministerial Decision of 28 April 2020 on the introduction of exceptional measures in the context of the gradual resumption of activities to combat the Covid-19 epidemic. Any gathering of more than 10&hellip;\" \/>\n<meta property=\"og:url\" content=\"https:\/\/www.noghesdumonceau.com\/en\/decision-establishing-exceptional-measures-to-combat-the-covid-19-epidemic\/\" \/>\n<meta property=\"og:site_name\" content=\"Avocats et Juristes \u00e0 Monaco, Nogh\u00e8s-du Monceau\" \/>\n<meta property=\"article:published_time\" content=\"2020-09-18T13:40:10+00:00\" \/>\n<meta name=\"author\" content=\"Sara Palmer Hussey\" \/>\n<meta name=\"twitter:card\" content=\"summary_large_image\" \/>\n<meta name=\"twitter:label1\" content=\"\u00c9crit par\" \/>\n\t<meta name=\"twitter:data1\" content=\"Sara Palmer Hussey\" \/>\n\t<meta name=\"twitter:label2\" content=\"Dur\u00e9e de lecture estim\u00e9e\" \/>\n\t<meta name=\"twitter:data2\" content=\"2 minutes\" \/>\n<script type=\"application\/ld+json\" class=\"yoast-schema-graph\">{\"@context\":\"https:\/\/schema.org\",\"@graph\":[{\"@type\":\"WebPage\",\"@id\":\"https:\/\/www.noghesdumonceau.com\/en\/decision-establishing-exceptional-measures-to-combat-the-covid-19-epidemic\/\",\"url\":\"https:\/\/www.noghesdumonceau.com\/en\/decision-establishing-exceptional-measures-to-combat-the-covid-19-epidemic\/\",\"name\":\"Decision establishing exceptional measures to combat the Covid-19 epidemic - Avocats et Juristes \u00e0 Monaco, Nogh\u00e8s-du Monceau\",\"isPartOf\":{\"@id\":\"https:\/\/www.noghesdumonceau.com\/#website\"},\"datePublished\":\"2020-09-18T13:40:10+00:00\",\"dateModified\":\"2020-09-18T13:40:10+00:00\",\"author\":{\"@id\":\"https:\/\/www.noghesdumonceau.com\/#\/schema\/person\/8b5fb246ac46414ee15961bc773c0914\"},\"breadcrumb\":{\"@id\":\"https:\/\/www.noghesdumonceau.com\/en\/decision-establishing-exceptional-measures-to-combat-the-covid-19-epidemic\/#breadcrumb\"},\"inLanguage\":\"fr-FR\",\"potentialAction\":[{\"@type\":\"ReadAction\",\"target\":[\"https:\/\/www.noghesdumonceau.com\/en\/decision-establishing-exceptional-measures-to-combat-the-covid-19-epidemic\/\"]}]},{\"@type\":\"BreadcrumbList\",\"@id\":\"https:\/\/www.noghesdumonceau.com\/en\/decision-establishing-exceptional-measures-to-combat-the-covid-19-epidemic\/#breadcrumb\",\"itemListElement\":[{\"@type\":\"ListItem\",\"position\":1,\"name\":\"Accueil\",\"item\":\"https:\/\/www.noghesdumonceau.com\/\"},{\"@type\":\"ListItem\",\"position\":2,\"name\":\"Decision establishing exceptional measures to combat the Covid-19 epidemic\"}]},{\"@type\":\"WebSite\",\"@id\":\"https:\/\/www.noghesdumonceau.com\/#website\",\"url\":\"https:\/\/www.noghesdumonceau.com\/\",\"name\":\"Nogh\u00e8s-du-Monceau Law Firm Monaco\",\"description\":\"Nogh\u00e8s-du-Monceau Law Firm Monaco\",\"potentialAction\":[{\"@type\":\"SearchAction\",\"target\":{\"@type\":\"EntryPoint\",\"urlTemplate\":\"https:\/\/www.noghesdumonceau.com\/?s={search_term_string}\"},\"query-input\":\"required name=search_term_string\"}],\"inLanguage\":\"fr-FR\"},{\"@type\":\"Person\",\"@id\":\"https:\/\/www.noghesdumonceau.com\/#\/schema\/person\/8b5fb246ac46414ee15961bc773c0914\",\"name\":\"Sara Palmer Hussey\",\"image\":{\"@type\":\"ImageObject\",\"inLanguage\":\"fr-FR\",\"@id\":\"https:\/\/www.noghesdumonceau.com\/#\/schema\/person\/image\/\",\"url\":\"https:\/\/secure.gravatar.com\/avatar\/45bb6642b29b7ac5f4c835bba150445b?s=96&d=mm&r=g\",\"contentUrl\":\"https:\/\/secure.gravatar.com\/avatar\/45bb6642b29b7ac5f4c835bba150445b?s=96&d=mm&r=g\",\"caption\":\"Sara Palmer Hussey\"}}]}<\/script>\n<!-- \/ Yoast SEO plugin. -->","yoast_head_json":{"title":"Decision establishing exceptional measures to combat the Covid-19 epidemic - Avocats et Juristes \u00e0 Monaco, Nogh\u00e8s-du Monceau","robots":{"index":"index","follow":"follow","max-snippet":"max-snippet:-1","max-image-preview":"max-image-preview:large","max-video-preview":"max-video-preview:-1"},"canonical":"https:\/\/www.noghesdumonceau.com\/decision-establishing-exceptional-measures-to-combat-the-covid-19-epidemic\/","og_locale":"fr_FR","og_type":"article","og_title":"Decision establishing exceptional measures to combat the Covid-19 epidemic - Avocats et Juristes \u00e0 Monaco, Nogh\u00e8s-du Monceau","og_description":"Ministerial Decision of 8 September 2020 amending the Ministerial Decision of 28 April 2020 on the introduction of exceptional measures in the context of the gradual resumption of activities to combat the Covid-19 epidemic. Any gathering of more than 10&hellip;","og_url":"https:\/\/www.noghesdumonceau.com\/en\/decision-establishing-exceptional-measures-to-combat-the-covid-19-epidemic\/","og_site_name":"Avocats et Juristes \u00e0 Monaco, Nogh\u00e8s-du Monceau","article_published_time":"2020-09-18T13:40:10+00:00","author":"Sara Palmer Hussey","twitter_card":"summary_large_image","twitter_misc":{"\u00c9crit par":"Sara Palmer Hussey","Dur\u00e9e de lecture estim\u00e9e":"2 minutes"},"schema":{"@context":"https:\/\/schema.org","@graph":[{"@type":"WebPage","@id":"https:\/\/www.noghesdumonceau.com\/en\/decision-establishing-exceptional-measures-to-combat-the-covid-19-epidemic\/","url":"https:\/\/www.noghesdumonceau.com\/en\/decision-establishing-exceptional-measures-to-combat-the-covid-19-epidemic\/","name":"Decision establishing exceptional measures to combat the Covid-19 epidemic - Avocats et Juristes \u00e0 Monaco, Nogh\u00e8s-du Monceau","isPartOf":{"@id":"https:\/\/www.noghesdumonceau.com\/#website"},"datePublished":"2020-09-18T13:40:10+00:00","dateModified":"2020-09-18T13:40:10+00:00","author":{"@id":"https:\/\/www.noghesdumonceau.com\/#\/schema\/person\/8b5fb246ac46414ee15961bc773c0914"},"breadcrumb":{"@id":"https:\/\/www.noghesdumonceau.com\/en\/decision-establishing-exceptional-measures-to-combat-the-covid-19-epidemic\/#breadcrumb"},"inLanguage":"fr-FR","potentialAction":[{"@type":"ReadAction","target":["https:\/\/www.noghesdumonceau.com\/en\/decision-establishing-exceptional-measures-to-combat-the-covid-19-epidemic\/"]}]},{"@type":"BreadcrumbList","@id":"https:\/\/www.noghesdumonceau.com\/en\/decision-establishing-exceptional-measures-to-combat-the-covid-19-epidemic\/#breadcrumb","itemListElement":[{"@type":"ListItem","position":1,"name":"Accueil","item":"https:\/\/www.noghesdumonceau.com\/"},{"@type":"ListItem","position":2,"name":"Decision establishing exceptional measures to combat the Covid-19 epidemic"}]},{"@type":"WebSite","@id":"https:\/\/www.noghesdumonceau.com\/#website","url":"https:\/\/www.noghesdumonceau.com\/","name":"Nogh\u00e8s-du-Monceau Law Firm Monaco","description":"Nogh\u00e8s-du-Monceau Law Firm Monaco","potentialAction":[{"@type":"SearchAction","target":{"@type":"EntryPoint","urlTemplate":"https:\/\/www.noghesdumonceau.com\/?s={search_term_string}"},"query-input":"required name=search_term_string"}],"inLanguage":"fr-FR"},{"@type":"Person","@id":"https:\/\/www.noghesdumonceau.com\/#\/schema\/person\/8b5fb246ac46414ee15961bc773c0914","name":"Sara Palmer Hussey","image":{"@type":"ImageObject","inLanguage":"fr-FR","@id":"https:\/\/www.noghesdumonceau.com\/#\/schema\/person\/image\/","url":"https:\/\/secure.gravatar.com\/avatar\/45bb6642b29b7ac5f4c835bba150445b?s=96&d=mm&r=g","contentUrl":"https:\/\/secure.gravatar.com\/avatar\/45bb6642b29b7ac5f4c835bba150445b?s=96&d=mm&r=g","caption":"Sara Palmer Hussey"}}]}},"_links":{"self":[{"href":"https:\/\/www.noghesdumonceau.com\/rest\/wp\/v2\/posts\/6784"}],"collection":[{"href":"https:\/\/www.noghesdumonceau.com\/rest\/wp\/v2\/posts"}],"about":[{"href":"https:\/\/www.noghesdumonceau.com\/rest\/wp\/v2\/types\/post"}],"author":[{"embeddable":true,"href":"https:\/\/www.noghesdumonceau.com\/rest\/wp\/v2\/users\/11"}],"replies":[{"embeddable":true,"href":"https:\/\/www.noghesdumonceau.com\/rest\/wp\/v2\/comments?post=6784"}],"version-history":[{"count":1,"href":"https:\/\/www.noghesdumonceau.com\/rest\/wp\/v2\/posts\/6784\/revisions"}],"predecessor-version":[{"id":6785,"href":"https:\/\/www.noghesdumonceau.com\/rest\/wp\/v2\/posts\/6784\/revisions\/6785"}],"wp:attachment":[{"href":"https:\/\/www.noghesdumonceau.com\/rest\/wp\/v2\/media?parent=6784"}],"wp:term":[{"taxonomy":"category","embeddable":true,"href":"https:\/\/www.noghesdumonceau.com\/rest\/wp\/v2\/categories?post=6784"},{"taxonomy":"post_tag","embeddable":true,"href":"https:\/\/www.noghesdumonceau.com\/rest\/wp\/v2\/tags?post=6784"},{"taxonomy":"post_series","embeddable":true,"href":"https:\/\/www.noghesdumonceau.com\/rest\/wp\/v2\/post_series?post=6784"}],"curies":[{"name":"wp","href":"https:\/\/api.w.org\/{rel}","templated":true}]}}