{"id":6782,"date":"2020-09-18T14:16:21","date_gmt":"2020-09-18T13:16:21","guid":{"rendered":"https:\/\/www.noghesdumonceau.com\/?p=6782"},"modified":"2020-09-18T14:16:21","modified_gmt":"2020-09-18T13:16:21","slug":"decision-portant-instauration-de-mesures-exceptionnelles-en-vue-de-lutter-contre-lepidemie-de-covid-19","status":"publish","type":"post","link":"https:\/\/www.noghesdumonceau.com\/decision-portant-instauration-de-mesures-exceptionnelles-en-vue-de-lutter-contre-lepidemie-de-covid-19\/","title":{"rendered":"D\u00e9cision portant instauration de mesures exceptionnelles en vue de lutter contre l\u2019\u00e9pid\u00e9mie de COVID-19"},"content":{"rendered":"<p>D\u00e9cision Minist\u00e9rielle du 8 septembre 2020 modifiant la D\u00e9cision Minist\u00e9rielle du 28\u00a0avril 2020 portant instauration de mesures exceptionnelles dans le cadre de la reprise progressive des activit\u00e9s en vue de lutter contre l&rsquo;\u00e9pid\u00e9mie de COVID-19.<\/p>\n<p>Tout rassemblement de plus de 10 personnes sur les voies et espaces publics est interdit.<br \/>\nPar d\u00e9rogation, des \u00e9v\u00e9nements regroupant plus de 10\u00a0personnes et dans le respect d&rsquo;une jauge maximale de 5.000\u00a0personnes, pourront \u00eatre ponctuellement autoris\u00e9s dans le cadre de l&rsquo;organisation d&rsquo;une manifestation ou un \u00e9v\u00e9nement singulier. Toutefois, \u00e0 titre exceptionnel, il peut \u00eatre d\u00e9rog\u00e9 au respect de cette jauge maximale, apr\u00e8s analyse des facteurs de risques au regard, notamment, de la situation sanitaire g\u00e9n\u00e9rale et des mesures mises en \u0153uvre par l&rsquo;organisateur afin de garantir le respect des mesures g\u00e9n\u00e9rales fix\u00e9es en annexe et de pr\u00e9venir les risques de propagation du virus propres \u00e0 la manifestation ou \u00e0 l&rsquo;\u00e9v\u00e9nement. La demande d&rsquo;autorisation correspondante devra \u00eatre d\u00e9pos\u00e9e pr\u00e9alablement aupr\u00e8s des services comp\u00e9tents de l&rsquo;Administration, accompagn\u00e9e d&rsquo;un dossier complet incluant notamment le protocole de mesures sanitaires envisag\u00e9es.<br \/>\nQuel que soit le motif de d\u00e9placement, celui-ci doit s&rsquo;effectuer dans le respect des mesures g\u00e9n\u00e9rales de pr\u00e9vention et d&rsquo;hygi\u00e8ne destin\u00e9es \u00e0 limiter la propagation du virus.<br \/>\nLes personnes doivent ainsi respecter, en permanence et en tout lieu, une distanciation sanitaire d&rsquo;un m\u00e8tre cinquante (1,5\u00a0m\u00e8tre).<br \/>\nLe port du masque est obligatoire dans les transports en commun urbains, les taxis et les v\u00e9hicules de grande remise, \u00e9tant pr\u00e9cis\u00e9 que le port du masque par les enfants de moins de cinq ans n&rsquo;est pas requis.<br \/>\nLe port du masque est obligatoire dans les trains, ainsi que sur les quais et galeries de la gare ferroviaire, \u00e9tant pr\u00e9cis\u00e9 que le port du masque par les enfants de moins de cinq ans n&rsquo;est pas requis.<br \/>\nLes escales de navires de plaisance \u00e9trangers ayant un port d&rsquo;attache hors de Monaco sont de nouveau possibles dans les ports de Monaco.<br \/>\nLes yachts avec \u00e9quipage soumettent une d\u00e9claration m\u00e9dicale de sant\u00e9 \u00e0 la Division de Police Maritime et A\u00e9roportuaire de la Direction de la S\u00fbret\u00e9 Publique 48 heures avant leur escale. Tous les navires souhaitant faire escale \u00e0 Monaco se conforment au protocole sanitaire d\u00e9cid\u00e9 par la cellule COVID 19.<br \/>\nLa pratique des loisirs nautiques est autoris\u00e9e.<\/p>\n<p><a href=\"https:\/\/journaldemonaco.gouv.mc\/Journaux\/2020\/Journal-8503\/Decision-Ministerielle-du-8-septembre-2020-modifiant-la-Decision-Ministerielle-du-28-avril-2020-portant-instauration-de-mesures-exceptionnelles-dans-le-cadre-de-la-reprise-progressive-des-activites-en-vue-de-lutter-contre-l-epidemie-de-COVID-19\">https:\/\/journaldemonaco.gouv.mc\/Journaux\/2020\/Journal-8503\/Decision-Ministerielle-du-8-septembre-2020-modifiant-la-Decision-Ministerielle-du-28-avril-2020-portant-instauration-de-mesures-exceptionnelles-dans-le-cadre-de-la-reprise-progressive-des-activites-en-vue-de-lutter-contre-l-epidemie-de-COVID-19<\/a><\/p>\n","protected":false},"excerpt":{"rendered":"<p>D\u00e9cision Minist\u00e9rielle du 8 septembre 2020 modifiant la D\u00e9cision Minist\u00e9rielle du 28\u00a0avril 2020 portant instauration de mesures exceptionnelles dans le cadre de la reprise progressive des activit\u00e9s en vue de lutter contre l&rsquo;\u00e9pid\u00e9mie de COVID-19. Tout rassemblement de plus de&hellip;<\/p>\n","protected":false},"author":11,"featured_media":0,"comment_status":"closed","ping_status":"open","sticky":false,"template":"","format":"standard","meta":{"footnotes":""},"categories":[1],"tags":[],"post_series":[],"yoast_head":"<!-- This site is optimized with the Yoast SEO plugin v21.2 - https:\/\/yoast.com\/wordpress\/plugins\/seo\/ -->\n<title>D\u00e9cision portant instauration de mesures exceptionnelles en vue de lutter contre l\u2019\u00e9pid\u00e9mie de COVID-19 - Avocats et Juristes \u00e0 Monaco, Nogh\u00e8s-du Monceau<\/title>\n<meta name=\"robots\" content=\"index, follow, max-snippet:-1, max-image-preview:large, max-video-preview:-1\" \/>\n<link rel=\"canonical\" href=\"https:\/\/www.noghesdumonceau.com\/decision-portant-instauration-de-mesures-exceptionnelles-en-vue-de-lutter-contre-lepidemie-de-covid-19\/\" \/>\n<meta property=\"og:locale\" content=\"fr_FR\" \/>\n<meta property=\"og:type\" content=\"article\" \/>\n<meta property=\"og:title\" content=\"D\u00e9cision portant instauration de mesures exceptionnelles en vue de lutter contre l\u2019\u00e9pid\u00e9mie de COVID-19 - Avocats et Juristes \u00e0 Monaco, Nogh\u00e8s-du Monceau\" \/>\n<meta property=\"og:description\" content=\"D\u00e9cision Minist\u00e9rielle du 8 septembre 2020 modifiant la D\u00e9cision Minist\u00e9rielle du 28\u00a0avril 2020 portant instauration de mesures exceptionnelles dans le cadre de la reprise progressive des activit\u00e9s en vue de lutter contre l&rsquo;\u00e9pid\u00e9mie de COVID-19. Tout rassemblement de plus de&hellip;\" \/>\n<meta property=\"og:url\" content=\"https:\/\/www.noghesdumonceau.com\/decision-portant-instauration-de-mesures-exceptionnelles-en-vue-de-lutter-contre-lepidemie-de-covid-19\/\" \/>\n<meta property=\"og:site_name\" content=\"Avocats et Juristes \u00e0 Monaco, Nogh\u00e8s-du Monceau\" \/>\n<meta property=\"article:published_time\" content=\"2020-09-18T13:16:21+00:00\" \/>\n<meta name=\"author\" content=\"Sara Palmer Hussey\" \/>\n<meta name=\"twitter:card\" content=\"summary_large_image\" \/>\n<meta name=\"twitter:label1\" content=\"\u00c9crit par\" \/>\n\t<meta name=\"twitter:data1\" content=\"Sara Palmer Hussey\" \/>\n\t<meta name=\"twitter:label2\" content=\"Dur\u00e9e de lecture estim\u00e9e\" \/>\n\t<meta name=\"twitter:data2\" content=\"2 minutes\" \/>\n<script type=\"application\/ld+json\" class=\"yoast-schema-graph\">{\"@context\":\"https:\/\/schema.org\",\"@graph\":[{\"@type\":\"WebPage\",\"@id\":\"https:\/\/www.noghesdumonceau.com\/decision-portant-instauration-de-mesures-exceptionnelles-en-vue-de-lutter-contre-lepidemie-de-covid-19\/\",\"url\":\"https:\/\/www.noghesdumonceau.com\/decision-portant-instauration-de-mesures-exceptionnelles-en-vue-de-lutter-contre-lepidemie-de-covid-19\/\",\"name\":\"D\u00e9cision portant instauration de mesures exceptionnelles en vue de lutter contre l\u2019\u00e9pid\u00e9mie de COVID-19 - Avocats et Juristes \u00e0 Monaco, Nogh\u00e8s-du Monceau\",\"isPartOf\":{\"@id\":\"https:\/\/www.noghesdumonceau.com\/#website\"},\"datePublished\":\"2020-09-18T13:16:21+00:00\",\"dateModified\":\"2020-09-18T13:16:21+00:00\",\"author\":{\"@id\":\"https:\/\/www.noghesdumonceau.com\/#\/schema\/person\/8b5fb246ac46414ee15961bc773c0914\"},\"breadcrumb\":{\"@id\":\"https:\/\/www.noghesdumonceau.com\/decision-portant-instauration-de-mesures-exceptionnelles-en-vue-de-lutter-contre-lepidemie-de-covid-19\/#breadcrumb\"},\"inLanguage\":\"fr-FR\",\"potentialAction\":[{\"@type\":\"ReadAction\",\"target\":[\"https:\/\/www.noghesdumonceau.com\/decision-portant-instauration-de-mesures-exceptionnelles-en-vue-de-lutter-contre-lepidemie-de-covid-19\/\"]}]},{\"@type\":\"BreadcrumbList\",\"@id\":\"https:\/\/www.noghesdumonceau.com\/decision-portant-instauration-de-mesures-exceptionnelles-en-vue-de-lutter-contre-lepidemie-de-covid-19\/#breadcrumb\",\"itemListElement\":[{\"@type\":\"ListItem\",\"position\":1,\"name\":\"Accueil\",\"item\":\"https:\/\/www.noghesdumonceau.com\/\"},{\"@type\":\"ListItem\",\"position\":2,\"name\":\"D\u00e9cision portant instauration de mesures exceptionnelles en vue de lutter contre l\u2019\u00e9pid\u00e9mie de COVID-19\"}]},{\"@type\":\"WebSite\",\"@id\":\"https:\/\/www.noghesdumonceau.com\/#website\",\"url\":\"https:\/\/www.noghesdumonceau.com\/\",\"name\":\"Nogh\u00e8s-du-Monceau Law Firm Monaco\",\"description\":\"Nogh\u00e8s-du-Monceau Law Firm Monaco\",\"potentialAction\":[{\"@type\":\"SearchAction\",\"target\":{\"@type\":\"EntryPoint\",\"urlTemplate\":\"https:\/\/www.noghesdumonceau.com\/?s={search_term_string}\"},\"query-input\":\"required name=search_term_string\"}],\"inLanguage\":\"fr-FR\"},{\"@type\":\"Person\",\"@id\":\"https:\/\/www.noghesdumonceau.com\/#\/schema\/person\/8b5fb246ac46414ee15961bc773c0914\",\"name\":\"Sara Palmer Hussey\",\"image\":{\"@type\":\"ImageObject\",\"inLanguage\":\"fr-FR\",\"@id\":\"https:\/\/www.noghesdumonceau.com\/#\/schema\/person\/image\/\",\"url\":\"https:\/\/secure.gravatar.com\/avatar\/45bb6642b29b7ac5f4c835bba150445b?s=96&d=mm&r=g\",\"contentUrl\":\"https:\/\/secure.gravatar.com\/avatar\/45bb6642b29b7ac5f4c835bba150445b?s=96&d=mm&r=g\",\"caption\":\"Sara Palmer Hussey\"}}]}<\/script>\n<!-- \/ Yoast SEO plugin. -->","yoast_head_json":{"title":"D\u00e9cision portant instauration de mesures exceptionnelles en vue de lutter contre l\u2019\u00e9pid\u00e9mie de COVID-19 - Avocats et Juristes \u00e0 Monaco, Nogh\u00e8s-du Monceau","robots":{"index":"index","follow":"follow","max-snippet":"max-snippet:-1","max-image-preview":"max-image-preview:large","max-video-preview":"max-video-preview:-1"},"canonical":"https:\/\/www.noghesdumonceau.com\/decision-portant-instauration-de-mesures-exceptionnelles-en-vue-de-lutter-contre-lepidemie-de-covid-19\/","og_locale":"fr_FR","og_type":"article","og_title":"D\u00e9cision portant instauration de mesures exceptionnelles en vue de lutter contre l\u2019\u00e9pid\u00e9mie de COVID-19 - Avocats et Juristes \u00e0 Monaco, Nogh\u00e8s-du Monceau","og_description":"D\u00e9cision Minist\u00e9rielle du 8 septembre 2020 modifiant la D\u00e9cision Minist\u00e9rielle du 28\u00a0avril 2020 portant instauration de mesures exceptionnelles dans le cadre de la reprise progressive des activit\u00e9s en vue de lutter contre l&rsquo;\u00e9pid\u00e9mie de COVID-19. Tout rassemblement de plus de&hellip;","og_url":"https:\/\/www.noghesdumonceau.com\/decision-portant-instauration-de-mesures-exceptionnelles-en-vue-de-lutter-contre-lepidemie-de-covid-19\/","og_site_name":"Avocats et Juristes \u00e0 Monaco, Nogh\u00e8s-du Monceau","article_published_time":"2020-09-18T13:16:21+00:00","author":"Sara Palmer Hussey","twitter_card":"summary_large_image","twitter_misc":{"\u00c9crit par":"Sara Palmer Hussey","Dur\u00e9e de lecture estim\u00e9e":"2 minutes"},"schema":{"@context":"https:\/\/schema.org","@graph":[{"@type":"WebPage","@id":"https:\/\/www.noghesdumonceau.com\/decision-portant-instauration-de-mesures-exceptionnelles-en-vue-de-lutter-contre-lepidemie-de-covid-19\/","url":"https:\/\/www.noghesdumonceau.com\/decision-portant-instauration-de-mesures-exceptionnelles-en-vue-de-lutter-contre-lepidemie-de-covid-19\/","name":"D\u00e9cision portant instauration de mesures exceptionnelles en vue de lutter contre l\u2019\u00e9pid\u00e9mie de COVID-19 - Avocats et Juristes \u00e0 Monaco, Nogh\u00e8s-du Monceau","isPartOf":{"@id":"https:\/\/www.noghesdumonceau.com\/#website"},"datePublished":"2020-09-18T13:16:21+00:00","dateModified":"2020-09-18T13:16:21+00:00","author":{"@id":"https:\/\/www.noghesdumonceau.com\/#\/schema\/person\/8b5fb246ac46414ee15961bc773c0914"},"breadcrumb":{"@id":"https:\/\/www.noghesdumonceau.com\/decision-portant-instauration-de-mesures-exceptionnelles-en-vue-de-lutter-contre-lepidemie-de-covid-19\/#breadcrumb"},"inLanguage":"fr-FR","potentialAction":[{"@type":"ReadAction","target":["https:\/\/www.noghesdumonceau.com\/decision-portant-instauration-de-mesures-exceptionnelles-en-vue-de-lutter-contre-lepidemie-de-covid-19\/"]}]},{"@type":"BreadcrumbList","@id":"https:\/\/www.noghesdumonceau.com\/decision-portant-instauration-de-mesures-exceptionnelles-en-vue-de-lutter-contre-lepidemie-de-covid-19\/#breadcrumb","itemListElement":[{"@type":"ListItem","position":1,"name":"Accueil","item":"https:\/\/www.noghesdumonceau.com\/"},{"@type":"ListItem","position":2,"name":"D\u00e9cision portant instauration de mesures exceptionnelles en vue de lutter contre l\u2019\u00e9pid\u00e9mie de COVID-19"}]},{"@type":"WebSite","@id":"https:\/\/www.noghesdumonceau.com\/#website","url":"https:\/\/www.noghesdumonceau.com\/","name":"Nogh\u00e8s-du-Monceau Law Firm Monaco","description":"Nogh\u00e8s-du-Monceau Law Firm Monaco","potentialAction":[{"@type":"SearchAction","target":{"@type":"EntryPoint","urlTemplate":"https:\/\/www.noghesdumonceau.com\/?s={search_term_string}"},"query-input":"required name=search_term_string"}],"inLanguage":"fr-FR"},{"@type":"Person","@id":"https:\/\/www.noghesdumonceau.com\/#\/schema\/person\/8b5fb246ac46414ee15961bc773c0914","name":"Sara Palmer Hussey","image":{"@type":"ImageObject","inLanguage":"fr-FR","@id":"https:\/\/www.noghesdumonceau.com\/#\/schema\/person\/image\/","url":"https:\/\/secure.gravatar.com\/avatar\/45bb6642b29b7ac5f4c835bba150445b?s=96&d=mm&r=g","contentUrl":"https:\/\/secure.gravatar.com\/avatar\/45bb6642b29b7ac5f4c835bba150445b?s=96&d=mm&r=g","caption":"Sara Palmer Hussey"}}]}},"_links":{"self":[{"href":"https:\/\/www.noghesdumonceau.com\/rest\/wp\/v2\/posts\/6782"}],"collection":[{"href":"https:\/\/www.noghesdumonceau.com\/rest\/wp\/v2\/posts"}],"about":[{"href":"https:\/\/www.noghesdumonceau.com\/rest\/wp\/v2\/types\/post"}],"author":[{"embeddable":true,"href":"https:\/\/www.noghesdumonceau.com\/rest\/wp\/v2\/users\/11"}],"replies":[{"embeddable":true,"href":"https:\/\/www.noghesdumonceau.com\/rest\/wp\/v2\/comments?post=6782"}],"version-history":[{"count":1,"href":"https:\/\/www.noghesdumonceau.com\/rest\/wp\/v2\/posts\/6782\/revisions"}],"predecessor-version":[{"id":6783,"href":"https:\/\/www.noghesdumonceau.com\/rest\/wp\/v2\/posts\/6782\/revisions\/6783"}],"wp:attachment":[{"href":"https:\/\/www.noghesdumonceau.com\/rest\/wp\/v2\/media?parent=6782"}],"wp:term":[{"taxonomy":"category","embeddable":true,"href":"https:\/\/www.noghesdumonceau.com\/rest\/wp\/v2\/categories?post=6782"},{"taxonomy":"post_tag","embeddable":true,"href":"https:\/\/www.noghesdumonceau.com\/rest\/wp\/v2\/tags?post=6782"},{"taxonomy":"post_series","embeddable":true,"href":"https:\/\/www.noghesdumonceau.com\/rest\/wp\/v2\/post_series?post=6782"}],"curies":[{"name":"wp","href":"https:\/\/api.w.org\/{rel}","templated":true}]}}