{"id":6767,"date":"2020-08-13T16:00:00","date_gmt":"2020-08-13T15:00:00","guid":{"rendered":"https:\/\/www.noghesdumonceau.com\/?p=6767"},"modified":"2020-09-07T13:24:13","modified_gmt":"2020-09-07T12:24:13","slug":"limpact-du-confinement-sur-les-baux-commerciaux-un-e-guide-comparatif","status":"publish","type":"post","link":"https:\/\/www.noghesdumonceau.com\/limpact-du-confinement-sur-les-baux-commerciaux-un-e-guide-comparatif\/","title":{"rendered":"L&rsquo;impact du confinement sur les baux commerciaux &#8211; Un e-guide comparatif"},"content":{"rendered":"<p>\u00ab\u00a0Les entrepreneurs du monde entier ont d\u00fb fermer les portes de leurs entreprises du jour au lendemain&#8230;\u00a0\u00bb<\/p>\n<p>Ce projet comparatif, dont l\u2019Etude Nogh\u00e8s-du Monceau a accept\u00e9 de faire partie, porte sur l&rsquo;approche adopt\u00e9e dans les diff\u00e9rentes juridictions en mati\u00e8re de baux commerciaux \u00e0 la suite de l\u2019instauration du confinement. Les pays participants ont \u00e9t\u00e9 invit\u00e9s \u00e0 r\u00e9pondre \u00e0 trois questions relatives \u00e0 l\u2019impact de pand\u00e9mie de Covid 19 sur les baux commerciaux.<\/p>\n<p>Un tour du monde &#8211; Ce e-guide a \u00e9t\u00e9 r\u00e9alis\u00e9 avec la collaboration de juristes et des Etudes d\u2019avocats repr\u00e9sentant plus de 40 juridictions r\u00e9parties dans 5 r\u00e9gions du monde.<\/p>\n<p>Cliquez ci-dessous pour consulter le guide:<\/p>\n<p><a href=\"https:\/\/www.noghesdumonceau.com\/file\/2020\/08\/A-Comparative-E-Guide-Covid-19-Commercial-Leases-Version-1.3.-10-August-2020.pdf\">A Comparative E-Guide &#8211; Covid-19 Commercial Leases Version 1.3. (10 August 2020)<\/a><\/p>\n","protected":false},"excerpt":{"rendered":"<p>\u00ab\u00a0Les entrepreneurs du monde entier ont d\u00fb fermer les portes de leurs entreprises du jour au lendemain&#8230;\u00a0\u00bb Ce projet comparatif, dont l\u2019Etude Nogh\u00e8s-du Monceau a accept\u00e9 de faire partie, porte sur l&rsquo;approche adopt\u00e9e dans les diff\u00e9rentes juridictions en mati\u00e8re de&hellip;<\/p>\n","protected":false},"author":11,"featured_media":0,"comment_status":"closed","ping_status":"closed","sticky":false,"template":"","format":"standard","meta":{"footnotes":""},"categories":[1],"tags":[],"post_series":[],"yoast_head":"<!-- This site is optimized with the Yoast SEO plugin v21.2 - https:\/\/yoast.com\/wordpress\/plugins\/seo\/ -->\n<title>L&#039;impact du confinement sur les baux commerciaux - Un e-guide comparatif - Avocats et Juristes \u00e0 Monaco, Nogh\u00e8s-du Monceau<\/title>\n<meta name=\"robots\" content=\"index, follow, max-snippet:-1, max-image-preview:large, max-video-preview:-1\" \/>\n<link rel=\"canonical\" href=\"https:\/\/www.noghesdumonceau.com\/limpact-du-confinement-sur-les-baux-commerciaux-un-e-guide-comparatif\/\" \/>\n<meta property=\"og:locale\" content=\"fr_FR\" \/>\n<meta property=\"og:type\" content=\"article\" \/>\n<meta property=\"og:title\" content=\"L&#039;impact du confinement sur les baux commerciaux - Un e-guide comparatif - Avocats et Juristes \u00e0 Monaco, Nogh\u00e8s-du Monceau\" \/>\n<meta property=\"og:description\" content=\"\u00ab\u00a0Les entrepreneurs du monde entier ont d\u00fb fermer les portes de leurs entreprises du jour au lendemain&#8230;\u00a0\u00bb Ce projet comparatif, dont l\u2019Etude Nogh\u00e8s-du Monceau a accept\u00e9 de faire partie, porte sur l&rsquo;approche adopt\u00e9e dans les diff\u00e9rentes juridictions en mati\u00e8re de&hellip;\" \/>\n<meta property=\"og:url\" content=\"https:\/\/www.noghesdumonceau.com\/limpact-du-confinement-sur-les-baux-commerciaux-un-e-guide-comparatif\/\" \/>\n<meta property=\"og:site_name\" content=\"Avocats et Juristes \u00e0 Monaco, Nogh\u00e8s-du Monceau\" \/>\n<meta property=\"article:published_time\" content=\"2020-08-13T15:00:00+00:00\" \/>\n<meta property=\"article:modified_time\" content=\"2020-09-07T12:24:13+00:00\" \/>\n<meta name=\"author\" content=\"Sara Palmer Hussey\" \/>\n<meta name=\"twitter:card\" content=\"summary_large_image\" \/>\n<meta name=\"twitter:label1\" content=\"\u00c9crit par\" \/>\n\t<meta name=\"twitter:data1\" content=\"Sara Palmer Hussey\" \/>\n\t<meta name=\"twitter:label2\" content=\"Dur\u00e9e de lecture estim\u00e9e\" \/>\n\t<meta name=\"twitter:data2\" content=\"1 minute\" \/>\n<script type=\"application\/ld+json\" class=\"yoast-schema-graph\">{\"@context\":\"https:\/\/schema.org\",\"@graph\":[{\"@type\":\"WebPage\",\"@id\":\"https:\/\/www.noghesdumonceau.com\/limpact-du-confinement-sur-les-baux-commerciaux-un-e-guide-comparatif\/\",\"url\":\"https:\/\/www.noghesdumonceau.com\/limpact-du-confinement-sur-les-baux-commerciaux-un-e-guide-comparatif\/\",\"name\":\"L'impact du confinement sur les baux commerciaux - Un e-guide comparatif - Avocats et Juristes \u00e0 Monaco, Nogh\u00e8s-du Monceau\",\"isPartOf\":{\"@id\":\"https:\/\/www.noghesdumonceau.com\/#website\"},\"datePublished\":\"2020-08-13T15:00:00+00:00\",\"dateModified\":\"2020-09-07T12:24:13+00:00\",\"author\":{\"@id\":\"https:\/\/www.noghesdumonceau.com\/#\/schema\/person\/8b5fb246ac46414ee15961bc773c0914\"},\"breadcrumb\":{\"@id\":\"https:\/\/www.noghesdumonceau.com\/limpact-du-confinement-sur-les-baux-commerciaux-un-e-guide-comparatif\/#breadcrumb\"},\"inLanguage\":\"fr-FR\",\"potentialAction\":[{\"@type\":\"ReadAction\",\"target\":[\"https:\/\/www.noghesdumonceau.com\/limpact-du-confinement-sur-les-baux-commerciaux-un-e-guide-comparatif\/\"]}]},{\"@type\":\"BreadcrumbList\",\"@id\":\"https:\/\/www.noghesdumonceau.com\/limpact-du-confinement-sur-les-baux-commerciaux-un-e-guide-comparatif\/#breadcrumb\",\"itemListElement\":[{\"@type\":\"ListItem\",\"position\":1,\"name\":\"Accueil\",\"item\":\"https:\/\/www.noghesdumonceau.com\/\"},{\"@type\":\"ListItem\",\"position\":2,\"name\":\"L&rsquo;impact du confinement sur les baux commerciaux &#8211; Un e-guide comparatif\"}]},{\"@type\":\"WebSite\",\"@id\":\"https:\/\/www.noghesdumonceau.com\/#website\",\"url\":\"https:\/\/www.noghesdumonceau.com\/\",\"name\":\"Nogh\u00e8s-du-Monceau Law Firm Monaco\",\"description\":\"Nogh\u00e8s-du-Monceau Law Firm Monaco\",\"potentialAction\":[{\"@type\":\"SearchAction\",\"target\":{\"@type\":\"EntryPoint\",\"urlTemplate\":\"https:\/\/www.noghesdumonceau.com\/?s={search_term_string}\"},\"query-input\":\"required name=search_term_string\"}],\"inLanguage\":\"fr-FR\"},{\"@type\":\"Person\",\"@id\":\"https:\/\/www.noghesdumonceau.com\/#\/schema\/person\/8b5fb246ac46414ee15961bc773c0914\",\"name\":\"Sara Palmer Hussey\",\"image\":{\"@type\":\"ImageObject\",\"inLanguage\":\"fr-FR\",\"@id\":\"https:\/\/www.noghesdumonceau.com\/#\/schema\/person\/image\/\",\"url\":\"https:\/\/secure.gravatar.com\/avatar\/45bb6642b29b7ac5f4c835bba150445b?s=96&d=mm&r=g\",\"contentUrl\":\"https:\/\/secure.gravatar.com\/avatar\/45bb6642b29b7ac5f4c835bba150445b?s=96&d=mm&r=g\",\"caption\":\"Sara Palmer Hussey\"}}]}<\/script>\n<!-- \/ Yoast SEO plugin. -->","yoast_head_json":{"title":"L'impact du confinement sur les baux commerciaux - Un e-guide comparatif - Avocats et Juristes \u00e0 Monaco, Nogh\u00e8s-du Monceau","robots":{"index":"index","follow":"follow","max-snippet":"max-snippet:-1","max-image-preview":"max-image-preview:large","max-video-preview":"max-video-preview:-1"},"canonical":"https:\/\/www.noghesdumonceau.com\/limpact-du-confinement-sur-les-baux-commerciaux-un-e-guide-comparatif\/","og_locale":"fr_FR","og_type":"article","og_title":"L'impact du confinement sur les baux commerciaux - Un e-guide comparatif - Avocats et Juristes \u00e0 Monaco, Nogh\u00e8s-du Monceau","og_description":"\u00ab\u00a0Les entrepreneurs du monde entier ont d\u00fb fermer les portes de leurs entreprises du jour au lendemain&#8230;\u00a0\u00bb Ce projet comparatif, dont l\u2019Etude Nogh\u00e8s-du Monceau a accept\u00e9 de faire partie, porte sur l&rsquo;approche adopt\u00e9e dans les diff\u00e9rentes juridictions en mati\u00e8re de&hellip;","og_url":"https:\/\/www.noghesdumonceau.com\/limpact-du-confinement-sur-les-baux-commerciaux-un-e-guide-comparatif\/","og_site_name":"Avocats et Juristes \u00e0 Monaco, Nogh\u00e8s-du Monceau","article_published_time":"2020-08-13T15:00:00+00:00","article_modified_time":"2020-09-07T12:24:13+00:00","author":"Sara Palmer Hussey","twitter_card":"summary_large_image","twitter_misc":{"\u00c9crit par":"Sara Palmer Hussey","Dur\u00e9e de lecture estim\u00e9e":"1 minute"},"schema":{"@context":"https:\/\/schema.org","@graph":[{"@type":"WebPage","@id":"https:\/\/www.noghesdumonceau.com\/limpact-du-confinement-sur-les-baux-commerciaux-un-e-guide-comparatif\/","url":"https:\/\/www.noghesdumonceau.com\/limpact-du-confinement-sur-les-baux-commerciaux-un-e-guide-comparatif\/","name":"L'impact du confinement sur les baux commerciaux - Un e-guide comparatif - Avocats et Juristes \u00e0 Monaco, Nogh\u00e8s-du Monceau","isPartOf":{"@id":"https:\/\/www.noghesdumonceau.com\/#website"},"datePublished":"2020-08-13T15:00:00+00:00","dateModified":"2020-09-07T12:24:13+00:00","author":{"@id":"https:\/\/www.noghesdumonceau.com\/#\/schema\/person\/8b5fb246ac46414ee15961bc773c0914"},"breadcrumb":{"@id":"https:\/\/www.noghesdumonceau.com\/limpact-du-confinement-sur-les-baux-commerciaux-un-e-guide-comparatif\/#breadcrumb"},"inLanguage":"fr-FR","potentialAction":[{"@type":"ReadAction","target":["https:\/\/www.noghesdumonceau.com\/limpact-du-confinement-sur-les-baux-commerciaux-un-e-guide-comparatif\/"]}]},{"@type":"BreadcrumbList","@id":"https:\/\/www.noghesdumonceau.com\/limpact-du-confinement-sur-les-baux-commerciaux-un-e-guide-comparatif\/#breadcrumb","itemListElement":[{"@type":"ListItem","position":1,"name":"Accueil","item":"https:\/\/www.noghesdumonceau.com\/"},{"@type":"ListItem","position":2,"name":"L&rsquo;impact du confinement sur les baux commerciaux &#8211; Un e-guide comparatif"}]},{"@type":"WebSite","@id":"https:\/\/www.noghesdumonceau.com\/#website","url":"https:\/\/www.noghesdumonceau.com\/","name":"Nogh\u00e8s-du-Monceau Law Firm Monaco","description":"Nogh\u00e8s-du-Monceau Law Firm Monaco","potentialAction":[{"@type":"SearchAction","target":{"@type":"EntryPoint","urlTemplate":"https:\/\/www.noghesdumonceau.com\/?s={search_term_string}"},"query-input":"required name=search_term_string"}],"inLanguage":"fr-FR"},{"@type":"Person","@id":"https:\/\/www.noghesdumonceau.com\/#\/schema\/person\/8b5fb246ac46414ee15961bc773c0914","name":"Sara Palmer Hussey","image":{"@type":"ImageObject","inLanguage":"fr-FR","@id":"https:\/\/www.noghesdumonceau.com\/#\/schema\/person\/image\/","url":"https:\/\/secure.gravatar.com\/avatar\/45bb6642b29b7ac5f4c835bba150445b?s=96&d=mm&r=g","contentUrl":"https:\/\/secure.gravatar.com\/avatar\/45bb6642b29b7ac5f4c835bba150445b?s=96&d=mm&r=g","caption":"Sara Palmer Hussey"}}]}},"_links":{"self":[{"href":"https:\/\/www.noghesdumonceau.com\/rest\/wp\/v2\/posts\/6767"}],"collection":[{"href":"https:\/\/www.noghesdumonceau.com\/rest\/wp\/v2\/posts"}],"about":[{"href":"https:\/\/www.noghesdumonceau.com\/rest\/wp\/v2\/types\/post"}],"author":[{"embeddable":true,"href":"https:\/\/www.noghesdumonceau.com\/rest\/wp\/v2\/users\/11"}],"replies":[{"embeddable":true,"href":"https:\/\/www.noghesdumonceau.com\/rest\/wp\/v2\/comments?post=6767"}],"version-history":[{"count":2,"href":"https:\/\/www.noghesdumonceau.com\/rest\/wp\/v2\/posts\/6767\/revisions"}],"predecessor-version":[{"id":6769,"href":"https:\/\/www.noghesdumonceau.com\/rest\/wp\/v2\/posts\/6767\/revisions\/6769"}],"wp:attachment":[{"href":"https:\/\/www.noghesdumonceau.com\/rest\/wp\/v2\/media?parent=6767"}],"wp:term":[{"taxonomy":"category","embeddable":true,"href":"https:\/\/www.noghesdumonceau.com\/rest\/wp\/v2\/categories?post=6767"},{"taxonomy":"post_tag","embeddable":true,"href":"https:\/\/www.noghesdumonceau.com\/rest\/wp\/v2\/tags?post=6767"},{"taxonomy":"post_series","embeddable":true,"href":"https:\/\/www.noghesdumonceau.com\/rest\/wp\/v2\/post_series?post=6767"}],"curies":[{"name":"wp","href":"https:\/\/api.w.org\/{rel}","templated":true}]}}