{"id":6760,"date":"2020-08-11T11:34:13","date_gmt":"2020-08-11T10:34:13","guid":{"rendered":"https:\/\/www.noghesdumonceau.com\/?p=6760"},"modified":"2020-09-07T13:32:22","modified_gmt":"2020-09-07T12:32:22","slug":"the-impact-of-covid19-lockdown-on-commercial-leases-a-comparative-e-guide","status":"publish","type":"post","link":"https:\/\/www.noghesdumonceau.com\/en\/the-impact-of-covid19-lockdown-on-commercial-leases-a-comparative-e-guide\/","title":{"rendered":"The impact of COVID 19 lockdown on commercial leases &#8211; A Comparative E- Guide"},"content":{"rendered":"<p><span class=\"fontstyle0\">\u00ab\u00a0Entrepreneurs around the world have had to close the doors of their businesses overnight&#8230;.\u00a0\u00bb<\/span><\/p>\n<p>This global comparative project, of which Nogh\u00e8s-du Monceau accepted to be a part of, is about the approach being taken in different jurisdiction with regards to the impact of the lock down on commercial leases. Participating countries were asked to answer 3 questions about the corona pandemic and commercial leases.<\/p>\n<p>A Tour around the globe &#8211; This e-guide has been made with the collaboration of lawyers and law firms in 40 plus jurisdictions spread across 5 regions of the world.<\/p>\n<p>Click below to access the guide:<\/p>\n<p><a href=\"https:\/\/www.noghesdumonceau.com\/file\/2020\/08\/A-Comparative-E-Guide-Covid-19-Commercial-Leases-Version-1.3.-10-August-2020.pdf\">A Comparative E-Guide &#8211; Covid-19 Commercial Leases Version 1.3. (10 August 2020)<\/a><\/p>\n","protected":false},"excerpt":{"rendered":"<p>\u00ab\u00a0Entrepreneurs around the world have had to close the doors of their businesses overnight&#8230;.\u00a0\u00bb This global comparative project, of which Nogh\u00e8s-du Monceau accepted to be a part of, is about the approach being taken in different jurisdiction with regards to&hellip;<\/p>\n","protected":false},"author":11,"featured_media":0,"comment_status":"closed","ping_status":"open","sticky":false,"template":"","format":"standard","meta":{"footnotes":""},"categories":[11],"tags":[],"post_series":[],"yoast_head":"<!-- This site is optimized with the Yoast SEO plugin v21.2 - https:\/\/yoast.com\/wordpress\/plugins\/seo\/ -->\n<title>The impact of COVID 19 lockdown on commercial leases - A Comparative E- Guide - Avocats et Juristes \u00e0 Monaco, Nogh\u00e8s-du Monceau<\/title>\n<meta name=\"robots\" content=\"index, follow, max-snippet:-1, max-image-preview:large, max-video-preview:-1\" \/>\n<link rel=\"canonical\" href=\"https:\/\/www.noghesdumonceau.com\/the-impact-of-covid19-lockdown-on-commercial-leases-a-comparative-e-guide\/\" \/>\n<meta property=\"og:locale\" content=\"fr_FR\" \/>\n<meta property=\"og:type\" content=\"article\" \/>\n<meta property=\"og:title\" content=\"The impact of COVID 19 lockdown on commercial leases - A Comparative E- Guide - Avocats et Juristes \u00e0 Monaco, Nogh\u00e8s-du Monceau\" \/>\n<meta property=\"og:description\" content=\"\u00ab\u00a0Entrepreneurs around the world have had to close the doors of their businesses overnight&#8230;.\u00a0\u00bb This global comparative project, of which Nogh\u00e8s-du Monceau accepted to be a part of, is about the approach being taken in different jurisdiction with regards to&hellip;\" \/>\n<meta property=\"og:url\" content=\"https:\/\/www.noghesdumonceau.com\/en\/the-impact-of-covid19-lockdown-on-commercial-leases-a-comparative-e-guide\/\" \/>\n<meta property=\"og:site_name\" content=\"Avocats et Juristes \u00e0 Monaco, Nogh\u00e8s-du Monceau\" \/>\n<meta property=\"article:published_time\" content=\"2020-08-11T10:34:13+00:00\" \/>\n<meta property=\"article:modified_time\" content=\"2020-09-07T12:32:22+00:00\" \/>\n<meta name=\"author\" content=\"Sara Palmer Hussey\" \/>\n<meta name=\"twitter:card\" content=\"summary_large_image\" \/>\n<meta name=\"twitter:label1\" content=\"\u00c9crit par\" \/>\n\t<meta name=\"twitter:data1\" content=\"Sara Palmer Hussey\" \/>\n\t<meta name=\"twitter:label2\" content=\"Dur\u00e9e de lecture estim\u00e9e\" \/>\n\t<meta name=\"twitter:data2\" content=\"1 minute\" \/>\n<script type=\"application\/ld+json\" class=\"yoast-schema-graph\">{\"@context\":\"https:\/\/schema.org\",\"@graph\":[{\"@type\":\"WebPage\",\"@id\":\"https:\/\/www.noghesdumonceau.com\/en\/the-impact-of-covid19-lockdown-on-commercial-leases-a-comparative-e-guide\/\",\"url\":\"https:\/\/www.noghesdumonceau.com\/en\/the-impact-of-covid19-lockdown-on-commercial-leases-a-comparative-e-guide\/\",\"name\":\"The impact of COVID 19 lockdown on commercial leases - A Comparative E- Guide - Avocats et Juristes \u00e0 Monaco, Nogh\u00e8s-du Monceau\",\"isPartOf\":{\"@id\":\"https:\/\/www.noghesdumonceau.com\/#website\"},\"datePublished\":\"2020-08-11T10:34:13+00:00\",\"dateModified\":\"2020-09-07T12:32:22+00:00\",\"author\":{\"@id\":\"https:\/\/www.noghesdumonceau.com\/#\/schema\/person\/8b5fb246ac46414ee15961bc773c0914\"},\"breadcrumb\":{\"@id\":\"https:\/\/www.noghesdumonceau.com\/en\/the-impact-of-covid19-lockdown-on-commercial-leases-a-comparative-e-guide\/#breadcrumb\"},\"inLanguage\":\"fr-FR\",\"potentialAction\":[{\"@type\":\"ReadAction\",\"target\":[\"https:\/\/www.noghesdumonceau.com\/en\/the-impact-of-covid19-lockdown-on-commercial-leases-a-comparative-e-guide\/\"]}]},{\"@type\":\"BreadcrumbList\",\"@id\":\"https:\/\/www.noghesdumonceau.com\/en\/the-impact-of-covid19-lockdown-on-commercial-leases-a-comparative-e-guide\/#breadcrumb\",\"itemListElement\":[{\"@type\":\"ListItem\",\"position\":1,\"name\":\"Accueil\",\"item\":\"https:\/\/www.noghesdumonceau.com\/\"},{\"@type\":\"ListItem\",\"position\":2,\"name\":\"The impact of COVID 19 lockdown on commercial leases &#8211; A Comparative E- Guide\"}]},{\"@type\":\"WebSite\",\"@id\":\"https:\/\/www.noghesdumonceau.com\/#website\",\"url\":\"https:\/\/www.noghesdumonceau.com\/\",\"name\":\"Nogh\u00e8s-du-Monceau Law Firm Monaco\",\"description\":\"Nogh\u00e8s-du-Monceau Law Firm Monaco\",\"potentialAction\":[{\"@type\":\"SearchAction\",\"target\":{\"@type\":\"EntryPoint\",\"urlTemplate\":\"https:\/\/www.noghesdumonceau.com\/?s={search_term_string}\"},\"query-input\":\"required name=search_term_string\"}],\"inLanguage\":\"fr-FR\"},{\"@type\":\"Person\",\"@id\":\"https:\/\/www.noghesdumonceau.com\/#\/schema\/person\/8b5fb246ac46414ee15961bc773c0914\",\"name\":\"Sara Palmer Hussey\",\"image\":{\"@type\":\"ImageObject\",\"inLanguage\":\"fr-FR\",\"@id\":\"https:\/\/www.noghesdumonceau.com\/#\/schema\/person\/image\/\",\"url\":\"https:\/\/secure.gravatar.com\/avatar\/45bb6642b29b7ac5f4c835bba150445b?s=96&d=mm&r=g\",\"contentUrl\":\"https:\/\/secure.gravatar.com\/avatar\/45bb6642b29b7ac5f4c835bba150445b?s=96&d=mm&r=g\",\"caption\":\"Sara Palmer Hussey\"}}]}<\/script>\n<!-- \/ Yoast SEO plugin. -->","yoast_head_json":{"title":"The impact of COVID 19 lockdown on commercial leases - A Comparative E- Guide - Avocats et Juristes \u00e0 Monaco, Nogh\u00e8s-du Monceau","robots":{"index":"index","follow":"follow","max-snippet":"max-snippet:-1","max-image-preview":"max-image-preview:large","max-video-preview":"max-video-preview:-1"},"canonical":"https:\/\/www.noghesdumonceau.com\/the-impact-of-covid19-lockdown-on-commercial-leases-a-comparative-e-guide\/","og_locale":"fr_FR","og_type":"article","og_title":"The impact of COVID 19 lockdown on commercial leases - A Comparative E- Guide - Avocats et Juristes \u00e0 Monaco, Nogh\u00e8s-du Monceau","og_description":"\u00ab\u00a0Entrepreneurs around the world have had to close the doors of their businesses overnight&#8230;.\u00a0\u00bb This global comparative project, of which Nogh\u00e8s-du Monceau accepted to be a part of, is about the approach being taken in different jurisdiction with regards to&hellip;","og_url":"https:\/\/www.noghesdumonceau.com\/en\/the-impact-of-covid19-lockdown-on-commercial-leases-a-comparative-e-guide\/","og_site_name":"Avocats et Juristes \u00e0 Monaco, Nogh\u00e8s-du Monceau","article_published_time":"2020-08-11T10:34:13+00:00","article_modified_time":"2020-09-07T12:32:22+00:00","author":"Sara Palmer Hussey","twitter_card":"summary_large_image","twitter_misc":{"\u00c9crit par":"Sara Palmer Hussey","Dur\u00e9e de lecture estim\u00e9e":"1 minute"},"schema":{"@context":"https:\/\/schema.org","@graph":[{"@type":"WebPage","@id":"https:\/\/www.noghesdumonceau.com\/en\/the-impact-of-covid19-lockdown-on-commercial-leases-a-comparative-e-guide\/","url":"https:\/\/www.noghesdumonceau.com\/en\/the-impact-of-covid19-lockdown-on-commercial-leases-a-comparative-e-guide\/","name":"The impact of COVID 19 lockdown on commercial leases - A Comparative E- Guide - Avocats et Juristes \u00e0 Monaco, Nogh\u00e8s-du Monceau","isPartOf":{"@id":"https:\/\/www.noghesdumonceau.com\/#website"},"datePublished":"2020-08-11T10:34:13+00:00","dateModified":"2020-09-07T12:32:22+00:00","author":{"@id":"https:\/\/www.noghesdumonceau.com\/#\/schema\/person\/8b5fb246ac46414ee15961bc773c0914"},"breadcrumb":{"@id":"https:\/\/www.noghesdumonceau.com\/en\/the-impact-of-covid19-lockdown-on-commercial-leases-a-comparative-e-guide\/#breadcrumb"},"inLanguage":"fr-FR","potentialAction":[{"@type":"ReadAction","target":["https:\/\/www.noghesdumonceau.com\/en\/the-impact-of-covid19-lockdown-on-commercial-leases-a-comparative-e-guide\/"]}]},{"@type":"BreadcrumbList","@id":"https:\/\/www.noghesdumonceau.com\/en\/the-impact-of-covid19-lockdown-on-commercial-leases-a-comparative-e-guide\/#breadcrumb","itemListElement":[{"@type":"ListItem","position":1,"name":"Accueil","item":"https:\/\/www.noghesdumonceau.com\/"},{"@type":"ListItem","position":2,"name":"The impact of COVID 19 lockdown on commercial leases &#8211; A Comparative E- Guide"}]},{"@type":"WebSite","@id":"https:\/\/www.noghesdumonceau.com\/#website","url":"https:\/\/www.noghesdumonceau.com\/","name":"Nogh\u00e8s-du-Monceau Law Firm Monaco","description":"Nogh\u00e8s-du-Monceau Law Firm Monaco","potentialAction":[{"@type":"SearchAction","target":{"@type":"EntryPoint","urlTemplate":"https:\/\/www.noghesdumonceau.com\/?s={search_term_string}"},"query-input":"required name=search_term_string"}],"inLanguage":"fr-FR"},{"@type":"Person","@id":"https:\/\/www.noghesdumonceau.com\/#\/schema\/person\/8b5fb246ac46414ee15961bc773c0914","name":"Sara Palmer Hussey","image":{"@type":"ImageObject","inLanguage":"fr-FR","@id":"https:\/\/www.noghesdumonceau.com\/#\/schema\/person\/image\/","url":"https:\/\/secure.gravatar.com\/avatar\/45bb6642b29b7ac5f4c835bba150445b?s=96&d=mm&r=g","contentUrl":"https:\/\/secure.gravatar.com\/avatar\/45bb6642b29b7ac5f4c835bba150445b?s=96&d=mm&r=g","caption":"Sara Palmer Hussey"}}]}},"_links":{"self":[{"href":"https:\/\/www.noghesdumonceau.com\/rest\/wp\/v2\/posts\/6760"}],"collection":[{"href":"https:\/\/www.noghesdumonceau.com\/rest\/wp\/v2\/posts"}],"about":[{"href":"https:\/\/www.noghesdumonceau.com\/rest\/wp\/v2\/types\/post"}],"author":[{"embeddable":true,"href":"https:\/\/www.noghesdumonceau.com\/rest\/wp\/v2\/users\/11"}],"replies":[{"embeddable":true,"href":"https:\/\/www.noghesdumonceau.com\/rest\/wp\/v2\/comments?post=6760"}],"version-history":[{"count":3,"href":"https:\/\/www.noghesdumonceau.com\/rest\/wp\/v2\/posts\/6760\/revisions"}],"predecessor-version":[{"id":6776,"href":"https:\/\/www.noghesdumonceau.com\/rest\/wp\/v2\/posts\/6760\/revisions\/6776"}],"wp:attachment":[{"href":"https:\/\/www.noghesdumonceau.com\/rest\/wp\/v2\/media?parent=6760"}],"wp:term":[{"taxonomy":"category","embeddable":true,"href":"https:\/\/www.noghesdumonceau.com\/rest\/wp\/v2\/categories?post=6760"},{"taxonomy":"post_tag","embeddable":true,"href":"https:\/\/www.noghesdumonceau.com\/rest\/wp\/v2\/tags?post=6760"},{"taxonomy":"post_series","embeddable":true,"href":"https:\/\/www.noghesdumonceau.com\/rest\/wp\/v2\/post_series?post=6760"}],"curies":[{"name":"wp","href":"https:\/\/api.w.org\/{rel}","templated":true}]}}