{"id":6755,"date":"2020-08-11T10:59:23","date_gmt":"2020-08-11T09:59:23","guid":{"rendered":"https:\/\/www.noghesdumonceau.com\/?p=6755"},"modified":"2020-08-11T10:59:47","modified_gmt":"2020-08-11T09:59:47","slug":"loi-n-1-493-du-8-juillet-2020-instituant-un-regime-de-prestations-familiales-en-faveur-des-travailleurs-independants","status":"publish","type":"post","link":"https:\/\/www.noghesdumonceau.com\/loi-n-1-493-du-8-juillet-2020-instituant-un-regime-de-prestations-familiales-en-faveur-des-travailleurs-independants\/","title":{"rendered":"Loi n\u00b0 1.493 du 8 juillet 2020 instituant un r\u00e9gime de prestations familiales en faveur des travailleurs ind\u00e9pendants."},"content":{"rendered":"<p>Instauration d\u2019un r\u00e9gime de prestations familiales en faveur des personnes actives ou retrait\u00e9es affili\u00e9es \u00e0 la Caisse d\u2019assurance maladie, accident et maternit\u00e9 des travailleurs ind\u00e9pendants s\u2019ils remplissent les conditions\u00a0de\u00a0:<\/p>\n<ul>\n<li>r\u00e9sider habituellement en Principaut\u00e9, en Suisse ou dans un \u00c9tat membre de l\u2019Espace \u00c9conomique Europ\u00e9en ;<\/li>\n<li>ne pas ouvrir personnellement droit, du chef d\u2019une autre activit\u00e9 professionnelle ou assimil\u00e9e, \u00e0 des prestations ayant le m\u00eame objet aupr\u00e8s d\u2019un autre r\u00e9gime l\u00e9gal de prestations familiales.<\/li>\n<\/ul>\n<p>Les prestations familiales comprennent les allocations familiales et les allocations pr\u00e9natales. Les allocations familiales ne sont dues que pour l\u2019enfant r\u00e9sidant \u00e0 Monaco, en Suisse ou dans un \u00c9tat membre de l\u2019Espace \u00c9conomique Europ\u00e9en sous le toit de l\u2019allocataire sauf si l\u2019\u00e9loignement est justifi\u00e9. Elles sont dues jusqu&rsquo;\u00e0 l\u2019\u00e2ge o\u00f9 prend fin l\u2019obligation scolaire si l\u2019enfant est inscrit au Service de l\u2019Emploi ou jusqu\u2019\u00e0 l\u2019\u00e2ge de 21 ans. Les allocations pr\u00e9natales, sont quant \u00e0 elle dues \u00e0 compter du jour o\u00f9 l\u2019\u00e9tat de grossesse est d\u00e9clar\u00e9 si la femme enceinte a fait l\u2019objet d\u2019au moins trois examens m\u00e9dicaux au cours de sa grossesse et d\u2019un examen post-natal dans les huit semaines qui suivent l\u2019accouchement et si l\u2019allocataire est \u00e0 jour de ses cotisations.<\/p>\n<p>En cas de fraude, l\u2019allocataire sera puni de l\u2019amende pr\u00e9vue au chiffre 2 de l\u2019article 26 du Code P\u00e9nal.<\/p>\n<p><a href=\"https:\/\/journaldemonaco.gouv.mc\/Journaux\/2020\/Journal-8495\/Loi-n-1.493-du-8-juillet-2020-instituant-un-regime-de-prestations-familiales-en-faveur-des-travailleurs-independants\">https:\/\/journaldemonaco.gouv.mc\/Journaux\/2020\/Journal-8495\/Loi-n-1.493-du-8-juillet-2020-instituant-un-regime-de-prestations-familiales-en-faveur-des-travailleurs-independants<\/a><\/p>\n","protected":false},"excerpt":{"rendered":"<p>Instauration d\u2019un r\u00e9gime de prestations familiales en faveur des personnes actives ou retrait\u00e9es affili\u00e9es \u00e0 la Caisse d\u2019assurance maladie, accident et maternit\u00e9 des travailleurs ind\u00e9pendants s\u2019ils remplissent les conditions\u00a0de\u00a0: r\u00e9sider habituellement en Principaut\u00e9, en Suisse ou dans un \u00c9tat membre&hellip;<\/p>\n","protected":false},"author":11,"featured_media":0,"comment_status":"closed","ping_status":"open","sticky":false,"template":"","format":"standard","meta":{"footnotes":""},"categories":[1],"tags":[],"post_series":[],"yoast_head":"<!-- This site is optimized with the Yoast SEO plugin v21.2 - https:\/\/yoast.com\/wordpress\/plugins\/seo\/ -->\n<title>Loi n\u00b0 1.493 du 8 juillet 2020 instituant un r\u00e9gime de prestations familiales en faveur des travailleurs ind\u00e9pendants. - Avocats et Juristes \u00e0 Monaco, Nogh\u00e8s-du Monceau<\/title>\n<meta name=\"robots\" content=\"index, follow, max-snippet:-1, max-image-preview:large, max-video-preview:-1\" \/>\n<link rel=\"canonical\" href=\"https:\/\/www.noghesdumonceau.com\/loi-n-1-493-du-8-juillet-2020-instituant-un-regime-de-prestations-familiales-en-faveur-des-travailleurs-independants\/\" \/>\n<meta property=\"og:locale\" content=\"fr_FR\" \/>\n<meta property=\"og:type\" content=\"article\" \/>\n<meta property=\"og:title\" content=\"Loi n\u00b0 1.493 du 8 juillet 2020 instituant un r\u00e9gime de prestations familiales en faveur des travailleurs ind\u00e9pendants. - Avocats et Juristes \u00e0 Monaco, Nogh\u00e8s-du Monceau\" \/>\n<meta property=\"og:description\" content=\"Instauration d\u2019un r\u00e9gime de prestations familiales en faveur des personnes actives ou retrait\u00e9es affili\u00e9es \u00e0 la Caisse d\u2019assurance maladie, accident et maternit\u00e9 des travailleurs ind\u00e9pendants s\u2019ils remplissent les conditions\u00a0de\u00a0: r\u00e9sider habituellement en Principaut\u00e9, en Suisse ou dans un \u00c9tat membre&hellip;\" \/>\n<meta property=\"og:url\" content=\"https:\/\/www.noghesdumonceau.com\/loi-n-1-493-du-8-juillet-2020-instituant-un-regime-de-prestations-familiales-en-faveur-des-travailleurs-independants\/\" \/>\n<meta property=\"og:site_name\" content=\"Avocats et Juristes \u00e0 Monaco, Nogh\u00e8s-du Monceau\" \/>\n<meta property=\"article:published_time\" content=\"2020-08-11T09:59:23+00:00\" \/>\n<meta property=\"article:modified_time\" content=\"2020-08-11T09:59:47+00:00\" \/>\n<meta name=\"author\" content=\"Sara Palmer Hussey\" \/>\n<meta name=\"twitter:card\" content=\"summary_large_image\" \/>\n<meta name=\"twitter:label1\" content=\"\u00c9crit par\" \/>\n\t<meta name=\"twitter:data1\" content=\"Sara Palmer Hussey\" \/>\n\t<meta name=\"twitter:label2\" content=\"Dur\u00e9e de lecture estim\u00e9e\" \/>\n\t<meta name=\"twitter:data2\" content=\"1 minute\" \/>\n<script type=\"application\/ld+json\" class=\"yoast-schema-graph\">{\"@context\":\"https:\/\/schema.org\",\"@graph\":[{\"@type\":\"WebPage\",\"@id\":\"https:\/\/www.noghesdumonceau.com\/loi-n-1-493-du-8-juillet-2020-instituant-un-regime-de-prestations-familiales-en-faveur-des-travailleurs-independants\/\",\"url\":\"https:\/\/www.noghesdumonceau.com\/loi-n-1-493-du-8-juillet-2020-instituant-un-regime-de-prestations-familiales-en-faveur-des-travailleurs-independants\/\",\"name\":\"Loi n\u00b0 1.493 du 8 juillet 2020 instituant un r\u00e9gime de prestations familiales en faveur des travailleurs ind\u00e9pendants. - Avocats et Juristes \u00e0 Monaco, Nogh\u00e8s-du Monceau\",\"isPartOf\":{\"@id\":\"https:\/\/www.noghesdumonceau.com\/#website\"},\"datePublished\":\"2020-08-11T09:59:23+00:00\",\"dateModified\":\"2020-08-11T09:59:47+00:00\",\"author\":{\"@id\":\"https:\/\/www.noghesdumonceau.com\/#\/schema\/person\/8b5fb246ac46414ee15961bc773c0914\"},\"breadcrumb\":{\"@id\":\"https:\/\/www.noghesdumonceau.com\/loi-n-1-493-du-8-juillet-2020-instituant-un-regime-de-prestations-familiales-en-faveur-des-travailleurs-independants\/#breadcrumb\"},\"inLanguage\":\"fr-FR\",\"potentialAction\":[{\"@type\":\"ReadAction\",\"target\":[\"https:\/\/www.noghesdumonceau.com\/loi-n-1-493-du-8-juillet-2020-instituant-un-regime-de-prestations-familiales-en-faveur-des-travailleurs-independants\/\"]}]},{\"@type\":\"BreadcrumbList\",\"@id\":\"https:\/\/www.noghesdumonceau.com\/loi-n-1-493-du-8-juillet-2020-instituant-un-regime-de-prestations-familiales-en-faveur-des-travailleurs-independants\/#breadcrumb\",\"itemListElement\":[{\"@type\":\"ListItem\",\"position\":1,\"name\":\"Accueil\",\"item\":\"https:\/\/www.noghesdumonceau.com\/\"},{\"@type\":\"ListItem\",\"position\":2,\"name\":\"Loi n\u00b0 1.493 du 8 juillet 2020 instituant un r\u00e9gime de prestations familiales en faveur des travailleurs ind\u00e9pendants.\"}]},{\"@type\":\"WebSite\",\"@id\":\"https:\/\/www.noghesdumonceau.com\/#website\",\"url\":\"https:\/\/www.noghesdumonceau.com\/\",\"name\":\"Nogh\u00e8s-du-Monceau Law Firm Monaco\",\"description\":\"Nogh\u00e8s-du-Monceau Law Firm Monaco\",\"potentialAction\":[{\"@type\":\"SearchAction\",\"target\":{\"@type\":\"EntryPoint\",\"urlTemplate\":\"https:\/\/www.noghesdumonceau.com\/?s={search_term_string}\"},\"query-input\":\"required name=search_term_string\"}],\"inLanguage\":\"fr-FR\"},{\"@type\":\"Person\",\"@id\":\"https:\/\/www.noghesdumonceau.com\/#\/schema\/person\/8b5fb246ac46414ee15961bc773c0914\",\"name\":\"Sara Palmer Hussey\",\"image\":{\"@type\":\"ImageObject\",\"inLanguage\":\"fr-FR\",\"@id\":\"https:\/\/www.noghesdumonceau.com\/#\/schema\/person\/image\/\",\"url\":\"https:\/\/secure.gravatar.com\/avatar\/45bb6642b29b7ac5f4c835bba150445b?s=96&d=mm&r=g\",\"contentUrl\":\"https:\/\/secure.gravatar.com\/avatar\/45bb6642b29b7ac5f4c835bba150445b?s=96&d=mm&r=g\",\"caption\":\"Sara Palmer Hussey\"}}]}<\/script>\n<!-- \/ Yoast SEO plugin. -->","yoast_head_json":{"title":"Loi n\u00b0 1.493 du 8 juillet 2020 instituant un r\u00e9gime de prestations familiales en faveur des travailleurs ind\u00e9pendants. - Avocats et Juristes \u00e0 Monaco, Nogh\u00e8s-du Monceau","robots":{"index":"index","follow":"follow","max-snippet":"max-snippet:-1","max-image-preview":"max-image-preview:large","max-video-preview":"max-video-preview:-1"},"canonical":"https:\/\/www.noghesdumonceau.com\/loi-n-1-493-du-8-juillet-2020-instituant-un-regime-de-prestations-familiales-en-faveur-des-travailleurs-independants\/","og_locale":"fr_FR","og_type":"article","og_title":"Loi n\u00b0 1.493 du 8 juillet 2020 instituant un r\u00e9gime de prestations familiales en faveur des travailleurs ind\u00e9pendants. - Avocats et Juristes \u00e0 Monaco, Nogh\u00e8s-du Monceau","og_description":"Instauration d\u2019un r\u00e9gime de prestations familiales en faveur des personnes actives ou retrait\u00e9es affili\u00e9es \u00e0 la Caisse d\u2019assurance maladie, accident et maternit\u00e9 des travailleurs ind\u00e9pendants s\u2019ils remplissent les conditions\u00a0de\u00a0: r\u00e9sider habituellement en Principaut\u00e9, en Suisse ou dans un \u00c9tat membre&hellip;","og_url":"https:\/\/www.noghesdumonceau.com\/loi-n-1-493-du-8-juillet-2020-instituant-un-regime-de-prestations-familiales-en-faveur-des-travailleurs-independants\/","og_site_name":"Avocats et Juristes \u00e0 Monaco, Nogh\u00e8s-du Monceau","article_published_time":"2020-08-11T09:59:23+00:00","article_modified_time":"2020-08-11T09:59:47+00:00","author":"Sara Palmer Hussey","twitter_card":"summary_large_image","twitter_misc":{"\u00c9crit par":"Sara Palmer Hussey","Dur\u00e9e de lecture estim\u00e9e":"1 minute"},"schema":{"@context":"https:\/\/schema.org","@graph":[{"@type":"WebPage","@id":"https:\/\/www.noghesdumonceau.com\/loi-n-1-493-du-8-juillet-2020-instituant-un-regime-de-prestations-familiales-en-faveur-des-travailleurs-independants\/","url":"https:\/\/www.noghesdumonceau.com\/loi-n-1-493-du-8-juillet-2020-instituant-un-regime-de-prestations-familiales-en-faveur-des-travailleurs-independants\/","name":"Loi n\u00b0 1.493 du 8 juillet 2020 instituant un r\u00e9gime de prestations familiales en faveur des travailleurs ind\u00e9pendants. - Avocats et Juristes \u00e0 Monaco, Nogh\u00e8s-du Monceau","isPartOf":{"@id":"https:\/\/www.noghesdumonceau.com\/#website"},"datePublished":"2020-08-11T09:59:23+00:00","dateModified":"2020-08-11T09:59:47+00:00","author":{"@id":"https:\/\/www.noghesdumonceau.com\/#\/schema\/person\/8b5fb246ac46414ee15961bc773c0914"},"breadcrumb":{"@id":"https:\/\/www.noghesdumonceau.com\/loi-n-1-493-du-8-juillet-2020-instituant-un-regime-de-prestations-familiales-en-faveur-des-travailleurs-independants\/#breadcrumb"},"inLanguage":"fr-FR","potentialAction":[{"@type":"ReadAction","target":["https:\/\/www.noghesdumonceau.com\/loi-n-1-493-du-8-juillet-2020-instituant-un-regime-de-prestations-familiales-en-faveur-des-travailleurs-independants\/"]}]},{"@type":"BreadcrumbList","@id":"https:\/\/www.noghesdumonceau.com\/loi-n-1-493-du-8-juillet-2020-instituant-un-regime-de-prestations-familiales-en-faveur-des-travailleurs-independants\/#breadcrumb","itemListElement":[{"@type":"ListItem","position":1,"name":"Accueil","item":"https:\/\/www.noghesdumonceau.com\/"},{"@type":"ListItem","position":2,"name":"Loi n\u00b0 1.493 du 8 juillet 2020 instituant un r\u00e9gime de prestations familiales en faveur des travailleurs ind\u00e9pendants."}]},{"@type":"WebSite","@id":"https:\/\/www.noghesdumonceau.com\/#website","url":"https:\/\/www.noghesdumonceau.com\/","name":"Nogh\u00e8s-du-Monceau Law Firm Monaco","description":"Nogh\u00e8s-du-Monceau Law Firm Monaco","potentialAction":[{"@type":"SearchAction","target":{"@type":"EntryPoint","urlTemplate":"https:\/\/www.noghesdumonceau.com\/?s={search_term_string}"},"query-input":"required name=search_term_string"}],"inLanguage":"fr-FR"},{"@type":"Person","@id":"https:\/\/www.noghesdumonceau.com\/#\/schema\/person\/8b5fb246ac46414ee15961bc773c0914","name":"Sara Palmer Hussey","image":{"@type":"ImageObject","inLanguage":"fr-FR","@id":"https:\/\/www.noghesdumonceau.com\/#\/schema\/person\/image\/","url":"https:\/\/secure.gravatar.com\/avatar\/45bb6642b29b7ac5f4c835bba150445b?s=96&d=mm&r=g","contentUrl":"https:\/\/secure.gravatar.com\/avatar\/45bb6642b29b7ac5f4c835bba150445b?s=96&d=mm&r=g","caption":"Sara Palmer Hussey"}}]}},"_links":{"self":[{"href":"https:\/\/www.noghesdumonceau.com\/rest\/wp\/v2\/posts\/6755"}],"collection":[{"href":"https:\/\/www.noghesdumonceau.com\/rest\/wp\/v2\/posts"}],"about":[{"href":"https:\/\/www.noghesdumonceau.com\/rest\/wp\/v2\/types\/post"}],"author":[{"embeddable":true,"href":"https:\/\/www.noghesdumonceau.com\/rest\/wp\/v2\/users\/11"}],"replies":[{"embeddable":true,"href":"https:\/\/www.noghesdumonceau.com\/rest\/wp\/v2\/comments?post=6755"}],"version-history":[{"count":2,"href":"https:\/\/www.noghesdumonceau.com\/rest\/wp\/v2\/posts\/6755\/revisions"}],"predecessor-version":[{"id":6757,"href":"https:\/\/www.noghesdumonceau.com\/rest\/wp\/v2\/posts\/6755\/revisions\/6757"}],"wp:attachment":[{"href":"https:\/\/www.noghesdumonceau.com\/rest\/wp\/v2\/media?parent=6755"}],"wp:term":[{"taxonomy":"category","embeddable":true,"href":"https:\/\/www.noghesdumonceau.com\/rest\/wp\/v2\/categories?post=6755"},{"taxonomy":"post_tag","embeddable":true,"href":"https:\/\/www.noghesdumonceau.com\/rest\/wp\/v2\/tags?post=6755"},{"taxonomy":"post_series","embeddable":true,"href":"https:\/\/www.noghesdumonceau.com\/rest\/wp\/v2\/post_series?post=6755"}],"curies":[{"name":"wp","href":"https:\/\/api.w.org\/{rel}","templated":true}]}}