{"id":6665,"date":"2020-05-25T16:55:08","date_gmt":"2020-05-25T15:55:08","guid":{"rendered":"https:\/\/www.noghesdumonceau.com\/?p=6665"},"modified":"2020-09-07T13:29:09","modified_gmt":"2020-09-07T12:29:09","slug":"suspension-des-delais-administratifs-pendant-la-periode-de-covid-19-loi-n1-485","status":"publish","type":"post","link":"https:\/\/www.noghesdumonceau.com\/suspension-des-delais-administratifs-pendant-la-periode-de-covid-19-loi-n1-485\/","title":{"rendered":"Suspension des d\u00e9lais administratifs pendant la p\u00e9riode de COVID 19 &#8211; Loi n\u00b01.485"},"content":{"rendered":"<p>Loi n\u00b01.485 du 9 avril 2020 portant suspension des d\u00e9lais administratifs pour faire face \u00e0 la pand\u00e9mie du virus COVID 19 (publi\u00e9e au Journal de Monaco le 17 avril 2020 et entr\u00e9e en vigueur le 16 mars 2020)<\/p>\n<p><a href=\"https:\/\/journaldemonaco.gouv.mc\/Journaux\/2020\/Journal-8482\/Loi-n-1.485-du-9-avril-2020-portant-suspension-des-delais-administratifs-pour-faire-face-a-la-pandemie-du-virus-COVID-2019\">https:\/\/journaldemonaco.gouv.mc\/Journaux\/2020\/Journal-8482\/Loi-n-1.485-du-9-avril-2020-portant-suspension-des-delais-administratifs-pour-faire-face-a-la-pandemie-du-virus-COVID-2019<\/a><\/p>\n","protected":false},"excerpt":{"rendered":"<p>Loi n\u00b01.485 du 9 avril 2020 portant suspension des d\u00e9lais administratifs pour faire face \u00e0 la pand\u00e9mie du virus COVID 19 (publi\u00e9e au Journal de Monaco le 17 avril 2020 et entr\u00e9e en vigueur le 16 mars 2020) https:\/\/journaldemonaco.gouv.mc\/Journaux\/2020\/Journal-8482\/Loi-n-1.485-du-9-avril-2020-portant-suspension-des-delais-administratifs-pour-faire-face-a-la-pandemie-du-virus-COVID-2019<\/p>\n","protected":false},"author":11,"featured_media":0,"comment_status":"closed","ping_status":"open","sticky":false,"template":"","format":"standard","meta":{"footnotes":""},"categories":[1],"tags":[],"post_series":[],"yoast_head":"<!-- This site is optimized with the Yoast SEO plugin v21.2 - https:\/\/yoast.com\/wordpress\/plugins\/seo\/ -->\n<title>Suspension des d\u00e9lais administratifs pendant la p\u00e9riode de COVID 19 - Loi n\u00b01.485 - Avocats et Juristes \u00e0 Monaco, Nogh\u00e8s-du Monceau<\/title>\n<meta name=\"robots\" content=\"index, follow, max-snippet:-1, max-image-preview:large, max-video-preview:-1\" \/>\n<link rel=\"canonical\" href=\"https:\/\/www.noghesdumonceau.com\/suspension-des-delais-administratifs-pendant-la-periode-de-covid-19-loi-n1-485\/\" \/>\n<meta property=\"og:locale\" content=\"fr_FR\" \/>\n<meta property=\"og:type\" content=\"article\" \/>\n<meta property=\"og:title\" content=\"Suspension des d\u00e9lais administratifs pendant la p\u00e9riode de COVID 19 - Loi n\u00b01.485 - Avocats et Juristes \u00e0 Monaco, Nogh\u00e8s-du Monceau\" \/>\n<meta property=\"og:description\" content=\"Loi n\u00b01.485 du 9 avril 2020 portant suspension des d\u00e9lais administratifs pour faire face \u00e0 la pand\u00e9mie du virus COVID 19 (publi\u00e9e au Journal de Monaco le 17 avril 2020 et entr\u00e9e en vigueur le 16 mars 2020) https:\/\/journaldemonaco.gouv.mc\/Journaux\/2020\/Journal-8482\/Loi-n-1.485-du-9-avril-2020-portant-suspension-des-delais-administratifs-pour-faire-face-a-la-pandemie-du-virus-COVID-2019\" \/>\n<meta property=\"og:url\" content=\"https:\/\/www.noghesdumonceau.com\/suspension-des-delais-administratifs-pendant-la-periode-de-covid-19-loi-n1-485\/\" \/>\n<meta property=\"og:site_name\" content=\"Avocats et Juristes \u00e0 Monaco, Nogh\u00e8s-du Monceau\" \/>\n<meta property=\"article:published_time\" content=\"2020-05-25T15:55:08+00:00\" \/>\n<meta property=\"article:modified_time\" content=\"2020-09-07T12:29:09+00:00\" \/>\n<meta name=\"author\" content=\"Sara Palmer Hussey\" \/>\n<meta name=\"twitter:card\" content=\"summary_large_image\" \/>\n<meta name=\"twitter:label1\" content=\"\u00c9crit par\" \/>\n\t<meta name=\"twitter:data1\" content=\"Sara Palmer Hussey\" \/>\n<script type=\"application\/ld+json\" class=\"yoast-schema-graph\">{\"@context\":\"https:\/\/schema.org\",\"@graph\":[{\"@type\":\"WebPage\",\"@id\":\"https:\/\/www.noghesdumonceau.com\/suspension-des-delais-administratifs-pendant-la-periode-de-covid-19-loi-n1-485\/\",\"url\":\"https:\/\/www.noghesdumonceau.com\/suspension-des-delais-administratifs-pendant-la-periode-de-covid-19-loi-n1-485\/\",\"name\":\"Suspension des d\u00e9lais administratifs pendant la p\u00e9riode de COVID 19 - Loi n\u00b01.485 - Avocats et Juristes \u00e0 Monaco, Nogh\u00e8s-du Monceau\",\"isPartOf\":{\"@id\":\"https:\/\/www.noghesdumonceau.com\/#website\"},\"datePublished\":\"2020-05-25T15:55:08+00:00\",\"dateModified\":\"2020-09-07T12:29:09+00:00\",\"author\":{\"@id\":\"https:\/\/www.noghesdumonceau.com\/#\/schema\/person\/8b5fb246ac46414ee15961bc773c0914\"},\"breadcrumb\":{\"@id\":\"https:\/\/www.noghesdumonceau.com\/suspension-des-delais-administratifs-pendant-la-periode-de-covid-19-loi-n1-485\/#breadcrumb\"},\"inLanguage\":\"fr-FR\",\"potentialAction\":[{\"@type\":\"ReadAction\",\"target\":[\"https:\/\/www.noghesdumonceau.com\/suspension-des-delais-administratifs-pendant-la-periode-de-covid-19-loi-n1-485\/\"]}]},{\"@type\":\"BreadcrumbList\",\"@id\":\"https:\/\/www.noghesdumonceau.com\/suspension-des-delais-administratifs-pendant-la-periode-de-covid-19-loi-n1-485\/#breadcrumb\",\"itemListElement\":[{\"@type\":\"ListItem\",\"position\":1,\"name\":\"Accueil\",\"item\":\"https:\/\/www.noghesdumonceau.com\/\"},{\"@type\":\"ListItem\",\"position\":2,\"name\":\"Suspension des d\u00e9lais administratifs pendant la p\u00e9riode de COVID 19 &#8211; Loi n\u00b01.485\"}]},{\"@type\":\"WebSite\",\"@id\":\"https:\/\/www.noghesdumonceau.com\/#website\",\"url\":\"https:\/\/www.noghesdumonceau.com\/\",\"name\":\"Nogh\u00e8s-du-Monceau Law Firm Monaco\",\"description\":\"Nogh\u00e8s-du-Monceau Law Firm Monaco\",\"potentialAction\":[{\"@type\":\"SearchAction\",\"target\":{\"@type\":\"EntryPoint\",\"urlTemplate\":\"https:\/\/www.noghesdumonceau.com\/?s={search_term_string}\"},\"query-input\":\"required name=search_term_string\"}],\"inLanguage\":\"fr-FR\"},{\"@type\":\"Person\",\"@id\":\"https:\/\/www.noghesdumonceau.com\/#\/schema\/person\/8b5fb246ac46414ee15961bc773c0914\",\"name\":\"Sara Palmer Hussey\",\"image\":{\"@type\":\"ImageObject\",\"inLanguage\":\"fr-FR\",\"@id\":\"https:\/\/www.noghesdumonceau.com\/#\/schema\/person\/image\/\",\"url\":\"https:\/\/secure.gravatar.com\/avatar\/45bb6642b29b7ac5f4c835bba150445b?s=96&d=mm&r=g\",\"contentUrl\":\"https:\/\/secure.gravatar.com\/avatar\/45bb6642b29b7ac5f4c835bba150445b?s=96&d=mm&r=g\",\"caption\":\"Sara Palmer Hussey\"}}]}<\/script>\n<!-- \/ Yoast SEO plugin. -->","yoast_head_json":{"title":"Suspension des d\u00e9lais administratifs pendant la p\u00e9riode de COVID 19 - Loi n\u00b01.485 - Avocats et Juristes \u00e0 Monaco, Nogh\u00e8s-du Monceau","robots":{"index":"index","follow":"follow","max-snippet":"max-snippet:-1","max-image-preview":"max-image-preview:large","max-video-preview":"max-video-preview:-1"},"canonical":"https:\/\/www.noghesdumonceau.com\/suspension-des-delais-administratifs-pendant-la-periode-de-covid-19-loi-n1-485\/","og_locale":"fr_FR","og_type":"article","og_title":"Suspension des d\u00e9lais administratifs pendant la p\u00e9riode de COVID 19 - Loi n\u00b01.485 - Avocats et Juristes \u00e0 Monaco, Nogh\u00e8s-du Monceau","og_description":"Loi n\u00b01.485 du 9 avril 2020 portant suspension des d\u00e9lais administratifs pour faire face \u00e0 la pand\u00e9mie du virus COVID 19 (publi\u00e9e au Journal de Monaco le 17 avril 2020 et entr\u00e9e en vigueur le 16 mars 2020) https:\/\/journaldemonaco.gouv.mc\/Journaux\/2020\/Journal-8482\/Loi-n-1.485-du-9-avril-2020-portant-suspension-des-delais-administratifs-pour-faire-face-a-la-pandemie-du-virus-COVID-2019","og_url":"https:\/\/www.noghesdumonceau.com\/suspension-des-delais-administratifs-pendant-la-periode-de-covid-19-loi-n1-485\/","og_site_name":"Avocats et Juristes \u00e0 Monaco, Nogh\u00e8s-du Monceau","article_published_time":"2020-05-25T15:55:08+00:00","article_modified_time":"2020-09-07T12:29:09+00:00","author":"Sara Palmer Hussey","twitter_card":"summary_large_image","twitter_misc":{"\u00c9crit par":"Sara Palmer Hussey"},"schema":{"@context":"https:\/\/schema.org","@graph":[{"@type":"WebPage","@id":"https:\/\/www.noghesdumonceau.com\/suspension-des-delais-administratifs-pendant-la-periode-de-covid-19-loi-n1-485\/","url":"https:\/\/www.noghesdumonceau.com\/suspension-des-delais-administratifs-pendant-la-periode-de-covid-19-loi-n1-485\/","name":"Suspension des d\u00e9lais administratifs pendant la p\u00e9riode de COVID 19 - Loi n\u00b01.485 - Avocats et Juristes \u00e0 Monaco, Nogh\u00e8s-du Monceau","isPartOf":{"@id":"https:\/\/www.noghesdumonceau.com\/#website"},"datePublished":"2020-05-25T15:55:08+00:00","dateModified":"2020-09-07T12:29:09+00:00","author":{"@id":"https:\/\/www.noghesdumonceau.com\/#\/schema\/person\/8b5fb246ac46414ee15961bc773c0914"},"breadcrumb":{"@id":"https:\/\/www.noghesdumonceau.com\/suspension-des-delais-administratifs-pendant-la-periode-de-covid-19-loi-n1-485\/#breadcrumb"},"inLanguage":"fr-FR","potentialAction":[{"@type":"ReadAction","target":["https:\/\/www.noghesdumonceau.com\/suspension-des-delais-administratifs-pendant-la-periode-de-covid-19-loi-n1-485\/"]}]},{"@type":"BreadcrumbList","@id":"https:\/\/www.noghesdumonceau.com\/suspension-des-delais-administratifs-pendant-la-periode-de-covid-19-loi-n1-485\/#breadcrumb","itemListElement":[{"@type":"ListItem","position":1,"name":"Accueil","item":"https:\/\/www.noghesdumonceau.com\/"},{"@type":"ListItem","position":2,"name":"Suspension des d\u00e9lais administratifs pendant la p\u00e9riode de COVID 19 &#8211; Loi n\u00b01.485"}]},{"@type":"WebSite","@id":"https:\/\/www.noghesdumonceau.com\/#website","url":"https:\/\/www.noghesdumonceau.com\/","name":"Nogh\u00e8s-du-Monceau Law Firm Monaco","description":"Nogh\u00e8s-du-Monceau Law Firm Monaco","potentialAction":[{"@type":"SearchAction","target":{"@type":"EntryPoint","urlTemplate":"https:\/\/www.noghesdumonceau.com\/?s={search_term_string}"},"query-input":"required name=search_term_string"}],"inLanguage":"fr-FR"},{"@type":"Person","@id":"https:\/\/www.noghesdumonceau.com\/#\/schema\/person\/8b5fb246ac46414ee15961bc773c0914","name":"Sara Palmer Hussey","image":{"@type":"ImageObject","inLanguage":"fr-FR","@id":"https:\/\/www.noghesdumonceau.com\/#\/schema\/person\/image\/","url":"https:\/\/secure.gravatar.com\/avatar\/45bb6642b29b7ac5f4c835bba150445b?s=96&d=mm&r=g","contentUrl":"https:\/\/secure.gravatar.com\/avatar\/45bb6642b29b7ac5f4c835bba150445b?s=96&d=mm&r=g","caption":"Sara Palmer Hussey"}}]}},"_links":{"self":[{"href":"https:\/\/www.noghesdumonceau.com\/rest\/wp\/v2\/posts\/6665"}],"collection":[{"href":"https:\/\/www.noghesdumonceau.com\/rest\/wp\/v2\/posts"}],"about":[{"href":"https:\/\/www.noghesdumonceau.com\/rest\/wp\/v2\/types\/post"}],"author":[{"embeddable":true,"href":"https:\/\/www.noghesdumonceau.com\/rest\/wp\/v2\/users\/11"}],"replies":[{"embeddable":true,"href":"https:\/\/www.noghesdumonceau.com\/rest\/wp\/v2\/comments?post=6665"}],"version-history":[{"count":2,"href":"https:\/\/www.noghesdumonceau.com\/rest\/wp\/v2\/posts\/6665\/revisions"}],"predecessor-version":[{"id":6772,"href":"https:\/\/www.noghesdumonceau.com\/rest\/wp\/v2\/posts\/6665\/revisions\/6772"}],"wp:attachment":[{"href":"https:\/\/www.noghesdumonceau.com\/rest\/wp\/v2\/media?parent=6665"}],"wp:term":[{"taxonomy":"category","embeddable":true,"href":"https:\/\/www.noghesdumonceau.com\/rest\/wp\/v2\/categories?post=6665"},{"taxonomy":"post_tag","embeddable":true,"href":"https:\/\/www.noghesdumonceau.com\/rest\/wp\/v2\/tags?post=6665"},{"taxonomy":"post_series","embeddable":true,"href":"https:\/\/www.noghesdumonceau.com\/rest\/wp\/v2\/post_series?post=6665"}],"curies":[{"name":"wp","href":"https:\/\/api.w.org\/{rel}","templated":true}]}}