{"id":5159,"date":"2016-03-17T15:19:40","date_gmt":"2016-03-17T14:19:40","guid":{"rendered":"https:\/\/www.noghesdumonceau.com\/?p=5159"},"modified":"2016-05-19T09:20:03","modified_gmt":"2016-05-19T08:20:03","slug":"from-mipim-to-monaco","status":"publish","type":"post","link":"https:\/\/www.noghesdumonceau.com\/from-mipim-to-monaco\/","title":{"rendered":"From Mipim to Monaco"},"content":{"rendered":"<p>Le Cabinet Nogh\u00e8s-du Monceau et UrbanLaw participent comme chaque ann\u00e9e au salon du MIPIM \u00e0 Cannes en axant notamment leurs activit\u00e9s sur les opportunit\u00e9s qu\u2019offre la Principaut\u00e9 de Monaco pour le secteur immobilier.<\/p>\n","protected":false},"excerpt":{"rendered":"<p>Le Cabinet Nogh\u00e8s-du Monceau et UrbanLaw participent comme chaque ann\u00e9e au salon du MIPIM \u00e0 Cannes en axant notamment leurs activit\u00e9s sur les opportunit\u00e9s qu\u2019offre la Principaut\u00e9 de Monaco pour le secteur immobilier.<\/p>\n","protected":false},"author":8,"featured_media":0,"comment_status":"closed","ping_status":"open","sticky":false,"template":"","format":"standard","meta":{"footnotes":""},"categories":[1],"tags":[],"post_series":[],"yoast_head":"<!-- This site is optimized with the Yoast SEO plugin v21.2 - https:\/\/yoast.com\/wordpress\/plugins\/seo\/ -->\n<title>From Mipim to Monaco - Avocats et Juristes \u00e0 Monaco, Nogh\u00e8s-du Monceau<\/title>\n<meta name=\"robots\" content=\"index, follow, max-snippet:-1, max-image-preview:large, max-video-preview:-1\" \/>\n<link rel=\"canonical\" href=\"https:\/\/www.noghesdumonceau.com\/from-mipim-to-monaco\/\" \/>\n<meta property=\"og:locale\" content=\"fr_FR\" \/>\n<meta property=\"og:type\" content=\"article\" \/>\n<meta property=\"og:title\" content=\"From Mipim to Monaco - Avocats et Juristes \u00e0 Monaco, Nogh\u00e8s-du Monceau\" \/>\n<meta property=\"og:description\" content=\"Le Cabinet Nogh\u00e8s-du Monceau et UrbanLaw participent comme chaque ann\u00e9e au salon du MIPIM \u00e0 Cannes en axant notamment leurs activit\u00e9s sur les opportunit\u00e9s qu\u2019offre la Principaut\u00e9 de Monaco pour le secteur immobilier.\" \/>\n<meta property=\"og:url\" content=\"https:\/\/www.noghesdumonceau.com\/from-mipim-to-monaco\/\" \/>\n<meta property=\"og:site_name\" content=\"Avocats et Juristes \u00e0 Monaco, Nogh\u00e8s-du Monceau\" \/>\n<meta property=\"article:published_time\" content=\"2016-03-17T14:19:40+00:00\" \/>\n<meta property=\"article:modified_time\" content=\"2016-05-19T08:20:03+00:00\" \/>\n<meta property=\"og:image\" content=\"https:\/\/www.noghesdumonceau.com\/file\/2016\/05\/urban-facebook.png\" \/>\n<meta name=\"author\" content=\"Christine Van Assche\" \/>\n<meta name=\"twitter:card\" content=\"summary_large_image\" \/>\n<meta name=\"twitter:image\" content=\"https:\/\/www.noghesdumonceau.com\/file\/2016\/05\/urban-facebook.png\" \/>\n<meta name=\"twitter:label1\" content=\"\u00c9crit par\" \/>\n\t<meta name=\"twitter:data1\" content=\"Christine Van Assche\" \/>\n<script type=\"application\/ld+json\" class=\"yoast-schema-graph\">{\"@context\":\"https:\/\/schema.org\",\"@graph\":[{\"@type\":\"WebPage\",\"@id\":\"https:\/\/www.noghesdumonceau.com\/from-mipim-to-monaco\/\",\"url\":\"https:\/\/www.noghesdumonceau.com\/from-mipim-to-monaco\/\",\"name\":\"From Mipim to Monaco - Avocats et Juristes \u00e0 Monaco, Nogh\u00e8s-du Monceau\",\"isPartOf\":{\"@id\":\"https:\/\/www.noghesdumonceau.com\/#website\"},\"datePublished\":\"2016-03-17T14:19:40+00:00\",\"dateModified\":\"2016-05-19T08:20:03+00:00\",\"author\":{\"@id\":\"https:\/\/www.noghesdumonceau.com\/#\/schema\/person\/5dc980927a4419064f285c8003beb8e3\"},\"breadcrumb\":{\"@id\":\"https:\/\/www.noghesdumonceau.com\/from-mipim-to-monaco\/#breadcrumb\"},\"inLanguage\":\"fr-FR\",\"potentialAction\":[{\"@type\":\"ReadAction\",\"target\":[\"https:\/\/www.noghesdumonceau.com\/from-mipim-to-monaco\/\"]}]},{\"@type\":\"BreadcrumbList\",\"@id\":\"https:\/\/www.noghesdumonceau.com\/from-mipim-to-monaco\/#breadcrumb\",\"itemListElement\":[{\"@type\":\"ListItem\",\"position\":1,\"name\":\"Accueil\",\"item\":\"https:\/\/www.noghesdumonceau.com\/\"},{\"@type\":\"ListItem\",\"position\":2,\"name\":\"From Mipim to Monaco\"}]},{\"@type\":\"WebSite\",\"@id\":\"https:\/\/www.noghesdumonceau.com\/#website\",\"url\":\"https:\/\/www.noghesdumonceau.com\/\",\"name\":\"Nogh\u00e8s-du-Monceau Law Firm Monaco\",\"description\":\"Nogh\u00e8s-du-Monceau Law Firm Monaco\",\"potentialAction\":[{\"@type\":\"SearchAction\",\"target\":{\"@type\":\"EntryPoint\",\"urlTemplate\":\"https:\/\/www.noghesdumonceau.com\/?s={search_term_string}\"},\"query-input\":\"required name=search_term_string\"}],\"inLanguage\":\"fr-FR\"},{\"@type\":\"Person\",\"@id\":\"https:\/\/www.noghesdumonceau.com\/#\/schema\/person\/5dc980927a4419064f285c8003beb8e3\",\"name\":\"Christine Van Assche\",\"image\":{\"@type\":\"ImageObject\",\"inLanguage\":\"fr-FR\",\"@id\":\"https:\/\/www.noghesdumonceau.com\/#\/schema\/person\/image\/\",\"url\":\"https:\/\/secure.gravatar.com\/avatar\/2266145fbfd376578e27f0b47e411201?s=96&d=mm&r=g\",\"contentUrl\":\"https:\/\/secure.gravatar.com\/avatar\/2266145fbfd376578e27f0b47e411201?s=96&d=mm&r=g\",\"caption\":\"Christine Van Assche\"}}]}<\/script>\n<!-- \/ Yoast SEO plugin. -->","yoast_head_json":{"title":"From Mipim to Monaco - Avocats et Juristes \u00e0 Monaco, Nogh\u00e8s-du Monceau","robots":{"index":"index","follow":"follow","max-snippet":"max-snippet:-1","max-image-preview":"max-image-preview:large","max-video-preview":"max-video-preview:-1"},"canonical":"https:\/\/www.noghesdumonceau.com\/from-mipim-to-monaco\/","og_locale":"fr_FR","og_type":"article","og_title":"From Mipim to Monaco - Avocats et Juristes \u00e0 Monaco, Nogh\u00e8s-du Monceau","og_description":"Le Cabinet Nogh\u00e8s-du Monceau et UrbanLaw participent comme chaque ann\u00e9e au salon du MIPIM \u00e0 Cannes en axant notamment leurs activit\u00e9s sur les opportunit\u00e9s qu\u2019offre la Principaut\u00e9 de Monaco pour le secteur immobilier.","og_url":"https:\/\/www.noghesdumonceau.com\/from-mipim-to-monaco\/","og_site_name":"Avocats et Juristes \u00e0 Monaco, Nogh\u00e8s-du Monceau","article_published_time":"2016-03-17T14:19:40+00:00","article_modified_time":"2016-05-19T08:20:03+00:00","og_image":[{"url":"https:\/\/www.noghesdumonceau.com\/file\/2016\/05\/urban-facebook.png"}],"author":"Christine Van Assche","twitter_card":"summary_large_image","twitter_image":"https:\/\/www.noghesdumonceau.com\/file\/2016\/05\/urban-facebook.png","twitter_misc":{"\u00c9crit par":"Christine Van Assche"},"schema":{"@context":"https:\/\/schema.org","@graph":[{"@type":"WebPage","@id":"https:\/\/www.noghesdumonceau.com\/from-mipim-to-monaco\/","url":"https:\/\/www.noghesdumonceau.com\/from-mipim-to-monaco\/","name":"From Mipim to Monaco - Avocats et Juristes \u00e0 Monaco, Nogh\u00e8s-du Monceau","isPartOf":{"@id":"https:\/\/www.noghesdumonceau.com\/#website"},"datePublished":"2016-03-17T14:19:40+00:00","dateModified":"2016-05-19T08:20:03+00:00","author":{"@id":"https:\/\/www.noghesdumonceau.com\/#\/schema\/person\/5dc980927a4419064f285c8003beb8e3"},"breadcrumb":{"@id":"https:\/\/www.noghesdumonceau.com\/from-mipim-to-monaco\/#breadcrumb"},"inLanguage":"fr-FR","potentialAction":[{"@type":"ReadAction","target":["https:\/\/www.noghesdumonceau.com\/from-mipim-to-monaco\/"]}]},{"@type":"BreadcrumbList","@id":"https:\/\/www.noghesdumonceau.com\/from-mipim-to-monaco\/#breadcrumb","itemListElement":[{"@type":"ListItem","position":1,"name":"Accueil","item":"https:\/\/www.noghesdumonceau.com\/"},{"@type":"ListItem","position":2,"name":"From Mipim to Monaco"}]},{"@type":"WebSite","@id":"https:\/\/www.noghesdumonceau.com\/#website","url":"https:\/\/www.noghesdumonceau.com\/","name":"Nogh\u00e8s-du-Monceau Law Firm Monaco","description":"Nogh\u00e8s-du-Monceau Law Firm Monaco","potentialAction":[{"@type":"SearchAction","target":{"@type":"EntryPoint","urlTemplate":"https:\/\/www.noghesdumonceau.com\/?s={search_term_string}"},"query-input":"required name=search_term_string"}],"inLanguage":"fr-FR"},{"@type":"Person","@id":"https:\/\/www.noghesdumonceau.com\/#\/schema\/person\/5dc980927a4419064f285c8003beb8e3","name":"Christine Van Assche","image":{"@type":"ImageObject","inLanguage":"fr-FR","@id":"https:\/\/www.noghesdumonceau.com\/#\/schema\/person\/image\/","url":"https:\/\/secure.gravatar.com\/avatar\/2266145fbfd376578e27f0b47e411201?s=96&d=mm&r=g","contentUrl":"https:\/\/secure.gravatar.com\/avatar\/2266145fbfd376578e27f0b47e411201?s=96&d=mm&r=g","caption":"Christine Van Assche"}}]}},"_links":{"self":[{"href":"https:\/\/www.noghesdumonceau.com\/rest\/wp\/v2\/posts\/5159"}],"collection":[{"href":"https:\/\/www.noghesdumonceau.com\/rest\/wp\/v2\/posts"}],"about":[{"href":"https:\/\/www.noghesdumonceau.com\/rest\/wp\/v2\/types\/post"}],"author":[{"embeddable":true,"href":"https:\/\/www.noghesdumonceau.com\/rest\/wp\/v2\/users\/8"}],"replies":[{"embeddable":true,"href":"https:\/\/www.noghesdumonceau.com\/rest\/wp\/v2\/comments?post=5159"}],"version-history":[{"count":2,"href":"https:\/\/www.noghesdumonceau.com\/rest\/wp\/v2\/posts\/5159\/revisions"}],"predecessor-version":[{"id":5997,"href":"https:\/\/www.noghesdumonceau.com\/rest\/wp\/v2\/posts\/5159\/revisions\/5997"}],"wp:attachment":[{"href":"https:\/\/www.noghesdumonceau.com\/rest\/wp\/v2\/media?parent=5159"}],"wp:term":[{"taxonomy":"category","embeddable":true,"href":"https:\/\/www.noghesdumonceau.com\/rest\/wp\/v2\/categories?post=5159"},{"taxonomy":"post_tag","embeddable":true,"href":"https:\/\/www.noghesdumonceau.com\/rest\/wp\/v2\/tags?post=5159"},{"taxonomy":"post_series","embeddable":true,"href":"https:\/\/www.noghesdumonceau.com\/rest\/wp\/v2\/post_series?post=5159"}],"curies":[{"name":"wp","href":"https:\/\/api.w.org\/{rel}","templated":true}]}}